{"id":34369,"date":"2024-09-06T14:17:33","date_gmt":"2024-09-06T18:17:33","guid":{"rendered":"https:\/\/fbc-wp-hidden.azurewebsites.net\/?post_type=press-releases&#038;p=34369"},"modified":"2024-09-06T14:17:34","modified_gmt":"2024-09-06T18:17:34","slug":"un-rapport-de-banques-alimentaires-canada-met-en-lumiere-la-pauvrete-cachee","status":"publish","type":"press-releases","link":"https:\/\/foodbankscanada.ca\/fr\/press-releases\/un-rapport-de-banques-alimentaires-canada-met-en-lumiere-la-pauvrete-cachee\/","title":{"rendered":"Un rapport de Banques alimentaires Canada met en lumi\u00e8re la pauvret\u00e9 cach\u00e9e"},"content":{"rendered":"\n<p><em>Les experts estiment que 25&nbsp;% des Canadiens ont un niveau de vie inf\u00e9rieur au seuil de pauvret\u00e9, plut\u00f4t que le taux officiel de 10&nbsp;%.<\/em><\/p>\n\n\n\n<p><em>30&nbsp;% des jeunes de 18 \u00e0 30&nbsp;ans, 44,5&nbsp;% des familles monoparentales et 42&nbsp;% des locataires n\u2019ont pas les moyens d\u2019acheter deux produits essentiels ou plus.<\/em><\/p>\n\n\n\n<p>Le taux de pauvret\u00e9 officiel du Canada ne donne pas une image compl\u00e8te de la faim et de l\u2019ins\u00e9curit\u00e9 alimentaire au Canada; selon un nouveau rapport historique&nbsp;: <a href=\"https:\/\/foodbankscanada.ca\/app\/uploads\/2024\/06\/FBC_2024PovertyInCanada_FRN_v1.pdf\">Mesure de la pauvret\u00e9 au moyen d\u2019un indice de privation mat\u00e9rielle (IPM)&nbsp;: Un indice mis \u00e0 jour pour le Canada<\/a>, publi\u00e9 aujourd\u2019hui par Banques alimentaires Canada avec le soutien du Centre Maple&nbsp;Leaf pour la s\u00e9curit\u00e9 alimentaire et de Maytree.<\/p>\n\n\n\n<p>Le nouveau rapport, pr\u00e9par\u00e9 par Michael Mendelson, membre associ\u00e9 de la Maytree Foundation et ancien sous-ministre de l\u2019Ontario et du Manitoba, avec Geranda Notten, professeure en politiques publiques comparatives \u00e0 l\u2019\u00c9cole sup\u00e9rieure d\u2019affaires publiques et internationales de l\u2019Universit\u00e9 d\u2019Ottawa, pr\u00e9sente un indice de d\u00e9favorisation mat\u00e9rielle (IPM) \u2013 une mesure de la pauvret\u00e9 tr\u00e8s utilis\u00e9e en Europe pour mesurer un niveau de vie sous le seuil de pauvret\u00e9 \u2013 \u00e0 partir de donn\u00e9es canadiennes. L\u2019IPM met en lumi\u00e8re la pauvret\u00e9 cach\u00e9e en r\u00e9v\u00e9lant qu\u2019environ 25&nbsp;% des Canadiens vivent dans la pauvret\u00e9 faute d\u2019avoir les moyens de s\u2019acheter deux produits essentiels ou plus. Cela repr\u00e9sente pr\u00e8s de 6&nbsp;millions de Canadiens de plus que ce que r\u00e9v\u00e8lent les donn\u00e9es les plus r\u00e9centes sur le taux de pauvret\u00e9 de Statistique Canada.<\/p>\n\n\n\n<p>Selon les mesures de l\u2019IPM utilis\u00e9es dans le nouveau rapport de Banques alimentaires Canada, 30&nbsp;% des Canadiens \u00e2g\u00e9s de 18 \u00e0 30&nbsp;ans, 44,5&nbsp;% des familles monoparentales et 42&nbsp;% des locataires ont un niveau de vie inf\u00e9rieur au seuil de pauvret\u00e9, ce qui signifie qu\u2019ils ne peuvent pas se permettre deux ou plusieurs articles m\u00e9nagers essentiels.<\/p>\n\n\n\n<p><strong>L\u2019\u00e9valuation de la pauvret\u00e9 ne se limite pas au revenu<\/strong><\/p>\n\n\n\n<p>\u00ab&nbsp;Une meilleure compr\u00e9hension de la pauvret\u00e9 est essentielle pour suivre avec pr\u00e9cision nos progr\u00e8s en mati\u00e8re de r\u00e9duction de la d\u00e9tresse \u00e9conomique dans les m\u00e9nages canadiens, affirme Kirstin&nbsp;Beardsley, chef de la direction de Banques alimentaires Canada. L\u2019adoption d\u2019un IPM au Canada pourrait am\u00e9liorer notre compr\u00e9hension de l\u2019ampleur et de la nature de la pauvret\u00e9 et permettre d\u2019expliquer les \u00e9carts que nous constatons entre la demande r\u00e9elle des banques alimentaires et le taux de pauvret\u00e9 officiel actuel. Nous demandons au gouvernement du Canada d\u2019int\u00e9grer un IPM \u00e0 sa strat\u00e9gie officielle de r\u00e9duction de la pauvret\u00e9 dans le cadre du corpus d\u2019indicateurs afin d\u2019\u00e9valuer les niveaux de pauvret\u00e9 au Canada.&nbsp;\u00bb<\/p>\n\n\n\n<p>\u00ab&nbsp;Un indice de privation mat\u00e9rielle est utilis\u00e9 \u00e0 l\u2019\u00e9chelle d\u2019autres pays industrialis\u00e9s afin de mesurer les r\u00e9percussions d\u2019un manque de moyens sur les m\u00e9nages&nbsp;\u00bb, explique Sarah&nbsp;Stern, directrice g\u00e9n\u00e9rale du Centre Maple&nbsp;Leaf pour la s\u00e9curit\u00e9 alimentaire. L\u2019\u00e9laboration et le maintien d\u2019un IPM en parall\u00e8le des mesures existantes de lutte contre la pauvret\u00e9 fond\u00e9es sur le revenu pourraient fournir au gouvernement des renseignements plus pr\u00e9cis en vue d\u2019am\u00e9liorer les programmes et d\u2019aider un plus grand nombre de personnes souffrant d\u2019ins\u00e9curit\u00e9 alimentaire.&nbsp;\u00bb<\/p>\n\n\n\n<p>Selon les r\u00e9sultats de l\u2019IPM, les r\u00e9pondants appartiennent aussi \u00e0 d\u2019autres groupes d\u00e9mographiques qui connaissent des taux \u00e9lev\u00e9s de pauvret\u00e9&nbsp;:<\/p>\n\n\n\n<ul class=\"wp-block-list\">\n<li>Personne sans emploi et en recherche d\u2019emploi&nbsp;: 55,5&nbsp;%<\/li>\n\n\n\n<li><span style=\"color: initial;\">Personne dont la principale source de revenus est le versement d\u2019un transfert&nbsp;: 55,4&nbsp;%<\/span><\/li>\n\n\n\n<li><span style=\"color: initial;\">Personne qui s\u2019identifie comme noire&nbsp;: 34,4&nbsp;%<\/span><\/li>\n\n\n\n<li><span style=\"color: initial;\">Personne qui s\u2019identifie comme autochtone&nbsp;: 37,4&nbsp;%<\/span><\/li>\n\n\n\n<li>Personne en situation de handicap&nbsp;: 37&nbsp;%<\/li>\n<\/ul>\n\n\n\n<p><strong>\u00c0 propos du projet<\/strong><\/p>\n\n\n\n<p>Le gestionnaire de projet de la \u00ab&nbsp;Mesure de la pauvret\u00e9 au moyen d\u2019un indice de privation mat\u00e9rielle (IPM)&nbsp;: Un indice mis \u00e0 jour pour le Canada&nbsp;\u00bb \u00e9tait Michael&nbsp;Mendelson, membre associ\u00e9 de la Maytree&nbsp;Foundation et ancien sous-ministre de l\u2019Ontario et du Manitoba. La direction universitaire du projet a \u00e9t\u00e9 assur\u00e9e par Geranda&nbsp;Notten, professeure en politiques publiques comparatives \u00e0 l\u2019\u00c9cole sup\u00e9rieure d\u2019affaires publiques et internationales de l\u2019Universit\u00e9 d\u2019Ottawa. L\u2019Environics Institute for Survey Research a facilit\u00e9 notre enqu\u00eate et notre analyse. Le rapport est accessible \u00e0 l\u2019adresse <a href=\"https:\/\/foodbankscanada.ca\/fr\/hunger-in-canada\/\">https:\/\/foodbankscanada.ca\/fr\/hunger-in-canada\/<\/a><\/p>\n\n\n\n<p><strong>\u00c0 propos de Banques alimentaires Canada<\/strong><\/p>\n\n\n\n<p>Banques alimentaires Canada fait preuve de leadership \u00e0 l\u2019\u00e9chelle nationale pour soulager la faim aujourd\u2019hui et pr\u00e9venir la faim demain, en collaboration avec le r\u00e9seau des banques alimentaires partout au pays. Depuis 40&nbsp;ans, les banques alimentaires aident les gens en situation d\u2019ins\u00e9curit\u00e9 alimentaire. Selon les donn\u00e9es du Bilan-Faim, plus de 5&nbsp;100&nbsp;banques alimentaires et organismes communautaires joignent leurs efforts pour servir les personnes les plus vuln\u00e9rables. L\u2019an dernier, ils ont re\u00e7u plus de 1,9&nbsp;million de visites par mois. Dans la derni\u00e8re d\u00e9cennie, le r\u00e9seau a re\u00e7u et distribu\u00e9 plus de 635&nbsp;millions de kilos de denr\u00e9es alimentaires. De plus, Banques alimentaires Canada a vers\u00e9 pr\u00e8s de 168&nbsp;millions de dollars pour maximiser les retomb\u00e9es collectives et la capacit\u00e9 locale des banques alimentaires tout en militant afin de r\u00e9duire la n\u00e9cessit\u00e9 d\u2019y recourir. Notre vision est claire&nbsp;: nous voulons cr\u00e9er un Canada o\u00f9 personne ne souffre de la faim. Pour en savoir plus, visitez le <a href=\"https:\/\/foodbankscanada.ca\/fr\/\">site&nbsp;www.banquesalimentairescanada.ca<\/a><\/p>\n\n\n\n<p><strong>\u00c0 propos du Centre de Maple&nbsp;Leaf pour la s\u00e9curit\u00e9 alimentaire<\/strong><\/p>\n\n\n\n<p>Mis sur pied en&nbsp;2016, le Centre Maple&nbsp;Leaf pour la s\u00e9curit\u00e9 alimentaire (le \u00ab&nbsp;Centre&nbsp;\u00bb) est un organisme de bienfaisance enregistr\u00e9 qui s\u2019engage \u00e0 collaborer afin de r\u00e9duire l\u2019ins\u00e9curit\u00e9 alimentaire au Canada de 50&nbsp;% d\u2019ici&nbsp;2030. Le Centre d\u00e9fend les int\u00e9r\u00eats de politiques publiques essentielles et investit dans le renforcement des connaissances et des programmes qui promeuvent la capacit\u00e9 des personnes et des communaut\u00e9s \u00e0 assurer une s\u00e9curit\u00e9 alimentaire durable. Le Centre a financ\u00e9 directement plus d\u2019une trentaine de projets \u00e0 l\u2019\u00e9chelle du pays, ce qui repr\u00e9sente un engagement de plus de 13&nbsp;millions de dollars visant \u00e0 accro\u00eetre l\u2019acc\u00e8s \u00e0 de bons aliments et \u00e0 r\u00e9duire l\u2019ins\u00e9curit\u00e9 alimentaire.<\/p>\n\n\n\n<p><strong>\u00c0 propos de Maytree <\/strong><\/p>\n\n\n\n<p>Maytree est une organisation de d\u00e9fense des droits de la personne qui s\u2019engage \u00e0 promouvoir des solutions syst\u00e9miques \u00e0 la pauvret\u00e9 et \u00e0 renforcer les communaut\u00e9s civiques. Nous sommes d\u2019avis que le moyen le plus efficace de corriger les syst\u00e8mes qui engendrent la pauvret\u00e9 est de veiller \u00e0 ce que les droits \u00e9conomiques et sociaux soient respect\u00e9s, prot\u00e9g\u00e9s et mis en \u0153uvre pour toutes les personnes vivant au Canada. Gr\u00e2ce \u00e0 notre travail, nous soutenons les organismes \u00e0 but non lucratif, leurs responsables et les personnes avec lesquelles ils travaillent. https:\/\/maytree.com<\/p>\n","protected":false},"featured_media":0,"template":"","class_list":["post-34369","press-releases","type-press-releases","status-publish","hentry"],"acf":[],"yoast_head":"<!-- This site is optimized with the Yoast SEO Premium plugin v26.9 (Yoast SEO v26.9) - https:\/\/yoast.com\/product\/yoast-seo-premium-wordpress\/ -->\n<title>Un rapport de Banques alimentaires Canada met en lumi\u00e8re la pauvret\u00e9 cach\u00e9e - Banques alimentaires Canada<\/title>\n<meta name=\"robots\" content=\"index, follow, max-snippet:-1, max-image-preview:large, max-video-preview:-1\" \/>\n<link rel=\"canonical\" href=\"https:\/\/foodbankscanada.ca\/fr\/press-releases\/un-rapport-de-banques-alimentaires-canada-met-en-lumiere-la-pauvrete-cachee\/\" \/>\n<meta property=\"og:locale\" content=\"fr_CA\" \/>\n<meta property=\"og:type\" content=\"article\" \/>\n<meta property=\"og:title\" content=\"Un rapport de Banques alimentaires Canada met en lumi\u00e8re la pauvret\u00e9 cach\u00e9e\" \/>\n<meta property=\"og:description\" content=\"Les experts estiment que 25&nbsp;% des Canadiens ont un niveau de vie inf\u00e9rieur au seuil de pauvret\u00e9, plut\u00f4t que le taux officiel de 10&nbsp;%. 30&nbsp;% des jeunes de 18 \u00e0 30&nbsp;ans, 44,5&nbsp;% des familles monoparentales et 42&nbsp;% des locataires n\u2019ont pas les moyens d\u2019acheter deux produits essentiels ou plus. Le taux de pauvret\u00e9 officiel du...\" \/>\n<meta property=\"og:url\" content=\"https:\/\/foodbankscanada.ca\/fr\/press-releases\/un-rapport-de-banques-alimentaires-canada-met-en-lumiere-la-pauvrete-cachee\/\" \/>\n<meta property=\"og:site_name\" content=\"Banques alimentaires Canada\" \/>\n<meta property=\"article:modified_time\" content=\"2024-09-06T18:17:34+00:00\" \/>\n<meta name=\"twitter:card\" content=\"summary_large_image\" \/>\n<meta name=\"twitter:label1\" content=\"Est. reading time\" \/>\n\t<meta name=\"twitter:data1\" content=\"6 minutes\" \/>\n<script type=\"application\/ld+json\" class=\"yoast-schema-graph\">{\"@context\":\"https:\/\/schema.org\",\"@graph\":[{\"@type\":\"WebPage\",\"@id\":\"https:\/\/foodbankscanada.ca\/fr\/press-releases\/un-rapport-de-banques-alimentaires-canada-met-en-lumiere-la-pauvrete-cachee\/\",\"url\":\"https:\/\/foodbankscanada.ca\/fr\/press-releases\/un-rapport-de-banques-alimentaires-canada-met-en-lumiere-la-pauvrete-cachee\/\",\"name\":\"Un rapport de Banques alimentaires Canada met en lumi\u00e8re la pauvret\u00e9 cach\u00e9e - Banques alimentaires Canada\",\"isPartOf\":{\"@id\":\"https:\/\/foodbankscanada.ca\/fr\/#website\"},\"datePublished\":\"2024-09-06T18:17:33+00:00\",\"dateModified\":\"2024-09-06T18:17:34+00:00\",\"breadcrumb\":{\"@id\":\"https:\/\/foodbankscanada.ca\/fr\/press-releases\/un-rapport-de-banques-alimentaires-canada-met-en-lumiere-la-pauvrete-cachee\/#breadcrumb\"},\"inLanguage\":\"fr-CA\",\"potentialAction\":[{\"@type\":\"ReadAction\",\"target\":[\"https:\/\/foodbankscanada.ca\/fr\/press-releases\/un-rapport-de-banques-alimentaires-canada-met-en-lumiere-la-pauvrete-cachee\/\"]}]},{\"@type\":\"BreadcrumbList\",\"@id\":\"https:\/\/foodbankscanada.ca\/fr\/press-releases\/un-rapport-de-banques-alimentaires-canada-met-en-lumiere-la-pauvrete-cachee\/#breadcrumb\",\"itemListElement\":[{\"@type\":\"ListItem\",\"position\":1,\"name\":\"Accueil\",\"item\":\"https:\/\/foodbankscanada.ca\/fr\/\"},{\"@type\":\"ListItem\",\"position\":2,\"name\":\"Un rapport de Banques alimentaires Canada met en lumi\u00e8re la pauvret\u00e9 cach\u00e9e\"}]},{\"@type\":\"WebSite\",\"@id\":\"https:\/\/foodbankscanada.ca\/fr\/#website\",\"url\":\"https:\/\/foodbankscanada.ca\/fr\/\",\"name\":\"Banques alimentaires Canada\",\"description\":\"\",\"publisher\":{\"@id\":\"https:\/\/foodbankscanada.ca\/fr\/#organization\"},\"potentialAction\":[{\"@type\":\"SearchAction\",\"target\":{\"@type\":\"EntryPoint\",\"urlTemplate\":\"https:\/\/foodbankscanada.ca\/fr\/?s={search_term_string}\"},\"query-input\":{\"@type\":\"PropertyValueSpecification\",\"valueRequired\":true,\"valueName\":\"search_term_string\"}}],\"inLanguage\":\"fr-CA\"},{\"@type\":\"Organization\",\"@id\":\"https:\/\/foodbankscanada.ca\/fr\/#organization\",\"name\":\"Food Banks Canada\",\"url\":\"https:\/\/foodbankscanada.ca\/fr\/\",\"logo\":{\"@type\":\"ImageObject\",\"inLanguage\":\"fr-CA\",\"@id\":\"https:\/\/foodbankscanada.ca\/fr\/#\/schema\/logo\/image\/\",\"url\":\"https:\/\/fbcblobstorage.blob.core.windows.net\/wordpress\/2021\/11\/logo.png\",\"contentUrl\":\"https:\/\/fbcblobstorage.blob.core.windows.net\/wordpress\/2021\/11\/logo.png\",\"width\":377,\"height\":89,\"caption\":\"Food Banks Canada\"},\"image\":{\"@id\":\"https:\/\/foodbankscanada.ca\/fr\/#\/schema\/logo\/image\/\"}}]}<\/script>\n<!-- \/ Yoast SEO Premium plugin. -->","yoast_head_json":{"title":"Un rapport de Banques alimentaires Canada met en lumi\u00e8re la pauvret\u00e9 cach\u00e9e - Banques alimentaires Canada","robots":{"index":"index","follow":"follow","max-snippet":"max-snippet:-1","max-image-preview":"max-image-preview:large","max-video-preview":"max-video-preview:-1"},"canonical":"https:\/\/foodbankscanada.ca\/fr\/press-releases\/un-rapport-de-banques-alimentaires-canada-met-en-lumiere-la-pauvrete-cachee\/","og_locale":"fr_CA","og_type":"article","og_title":"Un rapport de Banques alimentaires Canada met en lumi\u00e8re la pauvret\u00e9 cach\u00e9e","og_description":"Les experts estiment que 25&nbsp;% des Canadiens ont un niveau de vie inf\u00e9rieur au seuil de pauvret\u00e9, plut\u00f4t que le taux officiel de 10&nbsp;%. 30&nbsp;% des jeunes de 18 \u00e0 30&nbsp;ans, 44,5&nbsp;% des familles monoparentales et 42&nbsp;% des locataires n\u2019ont pas les moyens d\u2019acheter deux produits essentiels ou plus. Le taux de pauvret\u00e9 officiel du...","og_url":"https:\/\/foodbankscanada.ca\/fr\/press-releases\/un-rapport-de-banques-alimentaires-canada-met-en-lumiere-la-pauvrete-cachee\/","og_site_name":"Banques alimentaires Canada","article_modified_time":"2024-09-06T18:17:34+00:00","twitter_card":"summary_large_image","twitter_misc":{"Est. reading time":"6 minutes"},"schema":{"@context":"https:\/\/schema.org","@graph":[{"@type":"WebPage","@id":"https:\/\/foodbankscanada.ca\/fr\/press-releases\/un-rapport-de-banques-alimentaires-canada-met-en-lumiere-la-pauvrete-cachee\/","url":"https:\/\/foodbankscanada.ca\/fr\/press-releases\/un-rapport-de-banques-alimentaires-canada-met-en-lumiere-la-pauvrete-cachee\/","name":"Un rapport de Banques alimentaires Canada met en lumi\u00e8re la pauvret\u00e9 cach\u00e9e - Banques alimentaires Canada","isPartOf":{"@id":"https:\/\/foodbankscanada.ca\/fr\/#website"},"datePublished":"2024-09-06T18:17:33+00:00","dateModified":"2024-09-06T18:17:34+00:00","breadcrumb":{"@id":"https:\/\/foodbankscanada.ca\/fr\/press-releases\/un-rapport-de-banques-alimentaires-canada-met-en-lumiere-la-pauvrete-cachee\/#breadcrumb"},"inLanguage":"fr-CA","potentialAction":[{"@type":"ReadAction","target":["https:\/\/foodbankscanada.ca\/fr\/press-releases\/un-rapport-de-banques-alimentaires-canada-met-en-lumiere-la-pauvrete-cachee\/"]}]},{"@type":"BreadcrumbList","@id":"https:\/\/foodbankscanada.ca\/fr\/press-releases\/un-rapport-de-banques-alimentaires-canada-met-en-lumiere-la-pauvrete-cachee\/#breadcrumb","itemListElement":[{"@type":"ListItem","position":1,"name":"Accueil","item":"https:\/\/foodbankscanada.ca\/fr\/"},{"@type":"ListItem","position":2,"name":"Un rapport de Banques alimentaires Canada met en lumi\u00e8re la pauvret\u00e9 cach\u00e9e"}]},{"@type":"WebSite","@id":"https:\/\/foodbankscanada.ca\/fr\/#website","url":"https:\/\/foodbankscanada.ca\/fr\/","name":"Banques alimentaires Canada","description":"","publisher":{"@id":"https:\/\/foodbankscanada.ca\/fr\/#organization"},"potentialAction":[{"@type":"SearchAction","target":{"@type":"EntryPoint","urlTemplate":"https:\/\/foodbankscanada.ca\/fr\/?s={search_term_string}"},"query-input":{"@type":"PropertyValueSpecification","valueRequired":true,"valueName":"search_term_string"}}],"inLanguage":"fr-CA"},{"@type":"Organization","@id":"https:\/\/foodbankscanada.ca\/fr\/#organization","name":"Food Banks Canada","url":"https:\/\/foodbankscanada.ca\/fr\/","logo":{"@type":"ImageObject","inLanguage":"fr-CA","@id":"https:\/\/foodbankscanada.ca\/fr\/#\/schema\/logo\/image\/","url":"https:\/\/fbcblobstorage.blob.core.windows.net\/wordpress\/2021\/11\/logo.png","contentUrl":"https:\/\/fbcblobstorage.blob.core.windows.net\/wordpress\/2021\/11\/logo.png","width":377,"height":89,"caption":"Food Banks Canada"},"image":{"@id":"https:\/\/foodbankscanada.ca\/fr\/#\/schema\/logo\/image\/"}}]}},"_links":{"self":[{"href":"https:\/\/foodbankscanada.ca\/fr\/wp-json\/wp\/v2\/press-releases\/34369","targetHints":{"allow":["GET"]}}],"collection":[{"href":"https:\/\/foodbankscanada.ca\/fr\/wp-json\/wp\/v2\/press-releases"}],"about":[{"href":"https:\/\/foodbankscanada.ca\/fr\/wp-json\/wp\/v2\/types\/press-releases"}],"wp:attachment":[{"href":"https:\/\/foodbankscanada.ca\/fr\/wp-json\/wp\/v2\/media?parent=34369"}],"curies":[{"name":"wp","href":"https:\/\/api.w.org\/{rel}","templated":true}]}}