{"id":9925,"date":"2021-10-25T12:40:00","date_gmt":"2021-10-25T16:40:00","guid":{"rendered":"https:\/\/prod2020.foodbankscanada.ca\/?p=9925"},"modified":"2022-03-30T13:10:03","modified_gmt":"2022-03-30T17:10:03","slug":"coup-de-projecteur-dan-edwards","status":"publish","type":"post","link":"https:\/\/foodbankscanada.ca\/fr\/coup-de-projecteur-dan-edwards\/","title":{"rendered":"Coup de projecteur &#8211; Dan Edwards"},"content":{"rendered":"\n<p>Nous souhaitons toujours en apprendre davantage sur les personnes qui travaillent dans les banques alimentaires du Canada! Ce mois-ci, nous braquons les projecteurs sur Dan Edwards du Wood Buffalo Food Bank Association.<\/p>\n\n\n\n<div class=\"wp-block-image\"><figure class=\"aligncenter size-full\"><img loading=\"lazy\" decoding=\"async\" width=\"400\" height=\"332\" src=\"https:\/\/content.foodbankscanada.ca\/wordpress\/wp-content\/uploads\/2022\/03\/Dan-edwards-Thumbnail-for-Web.jpeg\" alt=\"\" class=\"wp-image-9926\" srcset=\"https:\/\/content.foodbankscanada.ca\/wordpress\/2022\/03\/Dan-edwards-Thumbnail-for-Web.jpeg 400w, https:\/\/content.foodbankscanada.ca\/wordpress\/2022\/03\/Dan-edwards-Thumbnail-for-Web-300x249.jpeg 300w\" sizes=\"auto, (max-width: 400px) 100vw, 400px\" \/><\/figure><\/div>\n\n\n\n<p><strong>Quel est votre r\u00f4le dans le r\u00e9seau des banques alimentaires?<\/strong><br>Je suis le directeur g\u00e9n\u00e9ral de la Wood Buffalo Food Bank.<\/p>\n\n\n\n<p><strong>D\u00e9crivez votre journ\u00e9e de travail typique en un mot.<\/strong><br>Je dirais \u00ab \u00e9volutive \u00bb.<br><br><strong>Qu\u2019est-ce qui vous a motiv\u00e9 \u00e0 travailler dans les banques alimentaires?<\/strong><br>Honn\u00eatement, je voulais du changement apr\u00e8s avoir travaill\u00e9 dans des foyers de groupe et avec des enfants. De plus, la perspective de travailler \u00e0 nouveau avec Arianna Scott dans un nouveau secteur du domaine \u00e9tait fort int\u00e9ressante. J\u2019ai toujours aim\u00e9 aider les gens, et cela m\u2019a sembl\u00e9 \u00eatre une excellente occasion de me perfectionner tout en pouvant le faire.<br><br><strong>Quelle est votre plus grande r\u00e9alisation dans votre poste actuel?<\/strong><br>Dans le cadre de mes fonctions, ma plus grande r\u00e9ussite est l\u2019achat d\u2019un nouveau b\u00e2timent et le fait d\u2019avoir une \u00e9quipe extraordinaire pour m\u2019appuyer tout au long du processus, car c\u2019est seulement gr\u00e2ce \u00e0 son soutien que je suis capable d\u2019accomplir quoi que ce soit.<br><br><strong>Quel est le plus grand d\u00e9fi que vous devez surmonter dans votre poste actuel?<\/strong><br>Sans mentionner la pand\u00e9mie de COVID-19, les catastrophes naturelles ou le ralentissement \u00e9conomique, je dirais probablement la solitude et le stress mental.<br><br><strong>Si vous pouviez faire un seul v\u0153u pour r\u00e9gler le probl\u00e8me de la faim au Canada, quel serait-il?<\/strong><br>L\u2019acc\u00e8s \u00e9gal et sans entrave aux produits essentiels n\u00e9cessaires pour lutter contre l\u2019ins\u00e9curit\u00e9 alimentaire pour tous.<br>&nbsp;\u2003<br><strong>Quel talent aimeriez-vous le plus avoir?<\/strong><br>Faire de la sp\u00e9l\u00e9ologie d\u2019exploration. Il n\u2019y a pas de raison particuli\u00e8re, j\u2019aimerais bien savoir comment \u00e7a se d\u00e9roule.<br><br><strong>Si vous pouviez remonter le temps et vous donner un conseil \u00e0 vous-m\u00eame, quel serait-il?<\/strong><br>Ins\u00e9rez les paroles de Baz Luhrmann \u00ab Tout le monde est libre de porter de la cr\u00e8me solaire \u00bb. J\u2019ai entendu la chanson quand j\u2019\u00e9tais plus jeune, et les paroles r\u00e9sonnent toujours en moi \u00e0 ce jour. C\u2019est ce que j\u2019\u00e9coute quand j\u2019ai besoin d\u2019une petite tape dans le dos.<br><br><strong>Qui sont vos h\u00e9ros? (fictifs ou r\u00e9els)<\/strong><br>Dennine Giles, propri\u00e9taire du concessionnaire Ford local, qui faisait partie de notre conseil d\u2019administration. Elle est l\u2019une des personnes les plus gentilles, astucieuses en affaires et g\u00e9n\u00e9reuses que j\u2019ai le plaisir de conna\u00eetre. Lorsque je me pose des questions, j\u2019essaie de penser \u00e0 ce qu\u2019elle ferait dans la m\u00eame situation.<br><br><strong>Quelle est votre conception du bonheur?<\/strong><br>Le bonheur ne se r\u00e9sume pas \u00e0 rire ou \u00e0 sourire. Le bonheur, c\u2019est d\u2019\u00eatre content de l\u2019endroit o\u00f9 l\u2019on se trouve et de ce qui nous entoure, et d\u2019avoir des appuis autour de soi lorsque le contentement n\u2019est pas possible.<br><br><strong>Quelle est votre devise?<\/strong><br>Avant, c\u2019\u00e9tait \u00ab dire oui et trouver une solution plus tard \u00bb, mais maintenant c\u2019est plut\u00f4t \u00ab dire peut-\u00eatre et trouver comment moi ou quelqu\u2019un d\u2019autre de mieux qualifi\u00e9 peut rendre cela possible \u00bb.<br><br><strong>Apprenez-nous un fait inusit\u00e9 \u00e0 votre sujet.<\/strong><br>C\u2019est difficile \u00e0 dire, je suis excentrique et je l\u2019assume. Quand les gens me disent \u00ab tu m\u2019\u00e9tonnes \u00bb et que je r\u00e9ponds \u00ab vraiment? \u00bb, ils disent g\u00e9n\u00e9ralement \u00ab non \u00bb.<br>J\u2019ai 42 \u00e9l\u00e9phants en peluche qui s\u2019appellent tous George, mais le premier George est Qu\u00e9b\u00e9cois.<br>&nbsp;\u2003<br><strong>Quelle chanson vous repr\u00e9sente le mieux?<\/strong><br>La chanson \u00ab I\u2019ve Had the Time of My life \u00bb de Bill Medly et Jennifer Warnes, qui fait partie de la bande sonore originale du film Dirty Dancing (pas l\u2019outrageante nouvelle version).<br><br><strong>Vous connaissez une banque alimentaire ou un acteur du milieu que nous pourrions mettre en vedette dans le prochain Coup de projecteur? \u00c9crivez-nous \u00e0&nbsp;<a href=\"mailto:communications@foodbankscanada.ca\" style=\"color:#167ba2;text-decoration:none;\">communications@foodbankscanada.ca<\/a>.<\/strong><\/p>\n","protected":false},"excerpt":{"rendered":"<p>Nous souhaitons toujours en apprendre davantage sur les personnes qui travaillent dans les banques alimentaires du Canada! Ce mois-ci, nous braquons les projecteurs sur Dan Edwards du Wood Buffalo Food Bank Association. Quel est votre r\u00f4le dans le r\u00e9seau des banques alimentaires?Je suis le directeur g\u00e9n\u00e9ral de la Wood Buffalo Food Bank. D\u00e9crivez votre journ\u00e9e&#8230;<\/p>\n","protected":false},"author":2,"featured_media":10002,"comment_status":"closed","ping_status":"open","sticky":false,"template":"","format":"standard","meta":{"_acf_changed":false,"footnotes":""},"categories":[6],"tags":[],"class_list":["post-9925","post","type-post","status-publish","format-standard","has-post-thumbnail","hentry","category-non-classifiee"],"acf":[],"yoast_head":"<!-- This site is optimized with the Yoast SEO Premium plugin v26.9 (Yoast SEO v26.9) - https:\/\/yoast.com\/product\/yoast-seo-premium-wordpress\/ -->\n<title>Coup de projecteur - Dan Edwards - Banques alimentaires Canada<\/title>\n<meta name=\"robots\" content=\"index, follow, max-snippet:-1, max-image-preview:large, max-video-preview:-1\" \/>\n<link rel=\"canonical\" href=\"https:\/\/foodbankscanada.ca\/fr\/coup-de-projecteur-dan-edwards\/\" \/>\n<meta property=\"og:locale\" content=\"fr_CA\" \/>\n<meta property=\"og:type\" content=\"article\" \/>\n<meta property=\"og:title\" content=\"Coup de projecteur - Dan Edwards\" \/>\n<meta property=\"og:description\" content=\"Nous souhaitons toujours en apprendre davantage sur les personnes qui travaillent dans les banques alimentaires du Canada! Ce mois-ci, nous braquons les projecteurs sur Dan Edwards du Wood Buffalo Food Bank Association. Quel est votre r\u00f4le dans le r\u00e9seau des banques alimentaires?Je suis le directeur g\u00e9n\u00e9ral de la Wood Buffalo Food Bank. D\u00e9crivez votre journ\u00e9e...\" \/>\n<meta property=\"og:url\" content=\"https:\/\/foodbankscanada.ca\/fr\/coup-de-projecteur-dan-edwards\/\" \/>\n<meta property=\"og:site_name\" content=\"Banques alimentaires Canada\" \/>\n<meta property=\"article:published_time\" content=\"2021-10-25T16:40:00+00:00\" \/>\n<meta property=\"article:modified_time\" content=\"2022-03-30T17:10:03+00:00\" \/>\n<meta property=\"og:image\" content=\"https:\/\/content.foodbankscanada.ca\/wordpress\/2022\/03\/Spotlight_Banner_2019_FR.png\" \/>\n\t<meta property=\"og:image:width\" content=\"3338\" \/>\n\t<meta property=\"og:image:height\" content=\"1251\" \/>\n\t<meta property=\"og:image:type\" content=\"image\/png\" \/>\n<meta name=\"author\" content=\"Idea Notion\" \/>\n<meta name=\"twitter:card\" content=\"summary_large_image\" \/>\n<meta name=\"twitter:label1\" content=\"Written by\" \/>\n\t<meta name=\"twitter:data1\" content=\"Idea Notion\" \/>\n\t<meta name=\"twitter:label2\" content=\"Est. reading time\" \/>\n\t<meta name=\"twitter:data2\" content=\"3 minutes\" \/>\n<script type=\"application\/ld+json\" class=\"yoast-schema-graph\">{\"@context\":\"https:\/\/schema.org\",\"@graph\":[{\"@type\":\"Article\",\"@id\":\"https:\/\/foodbankscanada.ca\/fr\/coup-de-projecteur-dan-edwards\/#article\",\"isPartOf\":{\"@id\":\"https:\/\/foodbankscanada.ca\/fr\/coup-de-projecteur-dan-edwards\/\"},\"author\":{\"name\":\"Idea Notion\",\"@id\":\"https:\/\/foodbankscanada.ca\/fr\/#\/schema\/person\/c754e6dfe33dc613fc8104ec8e55a198\"},\"headline\":\"Coup de projecteur &#8211; Dan Edwards\",\"datePublished\":\"2021-10-25T16:40:00+00:00\",\"dateModified\":\"2022-03-30T17:10:03+00:00\",\"mainEntityOfPage\":{\"@id\":\"https:\/\/foodbankscanada.ca\/fr\/coup-de-projecteur-dan-edwards\/\"},\"wordCount\":683,\"publisher\":{\"@id\":\"https:\/\/foodbankscanada.ca\/fr\/#organization\"},\"image\":{\"@id\":\"https:\/\/foodbankscanada.ca\/fr\/coup-de-projecteur-dan-edwards\/#primaryimage\"},\"thumbnailUrl\":\"https:\/\/content.foodbankscanada.ca\/wordpress\/2022\/03\/Spotlight_Banner_2019_FR.png\",\"articleSection\":[\"Non classifi\u00e9(e)\"],\"inLanguage\":\"fr-CA\"},{\"@type\":\"WebPage\",\"@id\":\"https:\/\/foodbankscanada.ca\/fr\/coup-de-projecteur-dan-edwards\/\",\"url\":\"https:\/\/foodbankscanada.ca\/fr\/coup-de-projecteur-dan-edwards\/\",\"name\":\"Coup de projecteur - Dan Edwards - Banques alimentaires Canada\",\"isPartOf\":{\"@id\":\"https:\/\/foodbankscanada.ca\/fr\/#website\"},\"primaryImageOfPage\":{\"@id\":\"https:\/\/foodbankscanada.ca\/fr\/coup-de-projecteur-dan-edwards\/#primaryimage\"},\"image\":{\"@id\":\"https:\/\/foodbankscanada.ca\/fr\/coup-de-projecteur-dan-edwards\/#primaryimage\"},\"thumbnailUrl\":\"https:\/\/content.foodbankscanada.ca\/wordpress\/2022\/03\/Spotlight_Banner_2019_FR.png\",\"datePublished\":\"2021-10-25T16:40:00+00:00\",\"dateModified\":\"2022-03-30T17:10:03+00:00\",\"breadcrumb\":{\"@id\":\"https:\/\/foodbankscanada.ca\/fr\/coup-de-projecteur-dan-edwards\/#breadcrumb\"},\"inLanguage\":\"fr-CA\",\"potentialAction\":[{\"@type\":\"ReadAction\",\"target\":[\"https:\/\/foodbankscanada.ca\/fr\/coup-de-projecteur-dan-edwards\/\"]}]},{\"@type\":\"ImageObject\",\"inLanguage\":\"fr-CA\",\"@id\":\"https:\/\/foodbankscanada.ca\/fr\/coup-de-projecteur-dan-edwards\/#primaryimage\",\"url\":\"https:\/\/content.foodbankscanada.ca\/wordpress\/2022\/03\/Spotlight_Banner_2019_FR.png\",\"contentUrl\":\"https:\/\/content.foodbankscanada.ca\/wordpress\/2022\/03\/Spotlight_Banner_2019_FR.png\",\"width\":3338,\"height\":1251},{\"@type\":\"BreadcrumbList\",\"@id\":\"https:\/\/foodbankscanada.ca\/fr\/coup-de-projecteur-dan-edwards\/#breadcrumb\",\"itemListElement\":[{\"@type\":\"ListItem\",\"position\":1,\"name\":\"Accueil\",\"item\":\"https:\/\/foodbankscanada.ca\/fr\/\"},{\"@type\":\"ListItem\",\"position\":2,\"name\":\"Coup de projecteur &#8211; Dan Edwards\"}]},{\"@type\":\"WebSite\",\"@id\":\"https:\/\/foodbankscanada.ca\/fr\/#website\",\"url\":\"https:\/\/foodbankscanada.ca\/fr\/\",\"name\":\"Banques alimentaires Canada\",\"description\":\"\",\"publisher\":{\"@id\":\"https:\/\/foodbankscanada.ca\/fr\/#organization\"},\"potentialAction\":[{\"@type\":\"SearchAction\",\"target\":{\"@type\":\"EntryPoint\",\"urlTemplate\":\"https:\/\/foodbankscanada.ca\/fr\/?s={search_term_string}\"},\"query-input\":{\"@type\":\"PropertyValueSpecification\",\"valueRequired\":true,\"valueName\":\"search_term_string\"}}],\"inLanguage\":\"fr-CA\"},{\"@type\":\"Organization\",\"@id\":\"https:\/\/foodbankscanada.ca\/fr\/#organization\",\"name\":\"Food Banks Canada\",\"url\":\"https:\/\/foodbankscanada.ca\/fr\/\",\"logo\":{\"@type\":\"ImageObject\",\"inLanguage\":\"fr-CA\",\"@id\":\"https:\/\/foodbankscanada.ca\/fr\/#\/schema\/logo\/image\/\",\"url\":\"https:\/\/fbcblobstorage.blob.core.windows.net\/wordpress\/2021\/11\/logo.png\",\"contentUrl\":\"https:\/\/fbcblobstorage.blob.core.windows.net\/wordpress\/2021\/11\/logo.png\",\"width\":377,\"height\":89,\"caption\":\"Food Banks Canada\"},\"image\":{\"@id\":\"https:\/\/foodbankscanada.ca\/fr\/#\/schema\/logo\/image\/\"}},{\"@type\":\"Person\",\"@id\":\"https:\/\/foodbankscanada.ca\/fr\/#\/schema\/person\/c754e6dfe33dc613fc8104ec8e55a198\",\"name\":\"Idea Notion\",\"image\":{\"@type\":\"ImageObject\",\"inLanguage\":\"fr-CA\",\"@id\":\"https:\/\/foodbankscanada.ca\/fr\/#\/schema\/person\/image\/\",\"url\":\"https:\/\/secure.gravatar.com\/avatar\/fd29e8ba27e8b1c05ac846a6471d215c1420fe5390381c1b77c3a6bd1b576cba?s=96&d=mm&r=g\",\"contentUrl\":\"https:\/\/secure.gravatar.com\/avatar\/fd29e8ba27e8b1c05ac846a6471d215c1420fe5390381c1b77c3a6bd1b576cba?s=96&d=mm&r=g\",\"caption\":\"Idea Notion\"},\"url\":\"https:\/\/foodbankscanada.ca\/fr\/author\/ideanotion\/\"}]}<\/script>\n<!-- \/ Yoast SEO Premium plugin. -->","yoast_head_json":{"title":"Coup de projecteur - Dan Edwards - Banques alimentaires Canada","robots":{"index":"index","follow":"follow","max-snippet":"max-snippet:-1","max-image-preview":"max-image-preview:large","max-video-preview":"max-video-preview:-1"},"canonical":"https:\/\/foodbankscanada.ca\/fr\/coup-de-projecteur-dan-edwards\/","og_locale":"fr_CA","og_type":"article","og_title":"Coup de projecteur - Dan Edwards","og_description":"Nous souhaitons toujours en apprendre davantage sur les personnes qui travaillent dans les banques alimentaires du Canada! Ce mois-ci, nous braquons les projecteurs sur Dan Edwards du Wood Buffalo Food Bank Association. Quel est votre r\u00f4le dans le r\u00e9seau des banques alimentaires?Je suis le directeur g\u00e9n\u00e9ral de la Wood Buffalo Food Bank. D\u00e9crivez votre journ\u00e9e...","og_url":"https:\/\/foodbankscanada.ca\/fr\/coup-de-projecteur-dan-edwards\/","og_site_name":"Banques alimentaires Canada","article_published_time":"2021-10-25T16:40:00+00:00","article_modified_time":"2022-03-30T17:10:03+00:00","og_image":[{"width":3338,"height":1251,"url":"https:\/\/content.foodbankscanada.ca\/wordpress\/2022\/03\/Spotlight_Banner_2019_FR.png","type":"image\/png"}],"author":"Idea Notion","twitter_card":"summary_large_image","twitter_misc":{"Written by":"Idea Notion","Est. reading time":"3 minutes"},"schema":{"@context":"https:\/\/schema.org","@graph":[{"@type":"Article","@id":"https:\/\/foodbankscanada.ca\/fr\/coup-de-projecteur-dan-edwards\/#article","isPartOf":{"@id":"https:\/\/foodbankscanada.ca\/fr\/coup-de-projecteur-dan-edwards\/"},"author":{"name":"Idea Notion","@id":"https:\/\/foodbankscanada.ca\/fr\/#\/schema\/person\/c754e6dfe33dc613fc8104ec8e55a198"},"headline":"Coup de projecteur &#8211; Dan Edwards","datePublished":"2021-10-25T16:40:00+00:00","dateModified":"2022-03-30T17:10:03+00:00","mainEntityOfPage":{"@id":"https:\/\/foodbankscanada.ca\/fr\/coup-de-projecteur-dan-edwards\/"},"wordCount":683,"publisher":{"@id":"https:\/\/foodbankscanada.ca\/fr\/#organization"},"image":{"@id":"https:\/\/foodbankscanada.ca\/fr\/coup-de-projecteur-dan-edwards\/#primaryimage"},"thumbnailUrl":"https:\/\/content.foodbankscanada.ca\/wordpress\/2022\/03\/Spotlight_Banner_2019_FR.png","articleSection":["Non classifi\u00e9(e)"],"inLanguage":"fr-CA"},{"@type":"WebPage","@id":"https:\/\/foodbankscanada.ca\/fr\/coup-de-projecteur-dan-edwards\/","url":"https:\/\/foodbankscanada.ca\/fr\/coup-de-projecteur-dan-edwards\/","name":"Coup de projecteur - Dan Edwards - Banques alimentaires Canada","isPartOf":{"@id":"https:\/\/foodbankscanada.ca\/fr\/#website"},"primaryImageOfPage":{"@id":"https:\/\/foodbankscanada.ca\/fr\/coup-de-projecteur-dan-edwards\/#primaryimage"},"image":{"@id":"https:\/\/foodbankscanada.ca\/fr\/coup-de-projecteur-dan-edwards\/#primaryimage"},"thumbnailUrl":"https:\/\/content.foodbankscanada.ca\/wordpress\/2022\/03\/Spotlight_Banner_2019_FR.png","datePublished":"2021-10-25T16:40:00+00:00","dateModified":"2022-03-30T17:10:03+00:00","breadcrumb":{"@id":"https:\/\/foodbankscanada.ca\/fr\/coup-de-projecteur-dan-edwards\/#breadcrumb"},"inLanguage":"fr-CA","potentialAction":[{"@type":"ReadAction","target":["https:\/\/foodbankscanada.ca\/fr\/coup-de-projecteur-dan-edwards\/"]}]},{"@type":"ImageObject","inLanguage":"fr-CA","@id":"https:\/\/foodbankscanada.ca\/fr\/coup-de-projecteur-dan-edwards\/#primaryimage","url":"https:\/\/content.foodbankscanada.ca\/wordpress\/2022\/03\/Spotlight_Banner_2019_FR.png","contentUrl":"https:\/\/content.foodbankscanada.ca\/wordpress\/2022\/03\/Spotlight_Banner_2019_FR.png","width":3338,"height":1251},{"@type":"BreadcrumbList","@id":"https:\/\/foodbankscanada.ca\/fr\/coup-de-projecteur-dan-edwards\/#breadcrumb","itemListElement":[{"@type":"ListItem","position":1,"name":"Accueil","item":"https:\/\/foodbankscanada.ca\/fr\/"},{"@type":"ListItem","position":2,"name":"Coup de projecteur &#8211; Dan Edwards"}]},{"@type":"WebSite","@id":"https:\/\/foodbankscanada.ca\/fr\/#website","url":"https:\/\/foodbankscanada.ca\/fr\/","name":"Banques alimentaires Canada","description":"","publisher":{"@id":"https:\/\/foodbankscanada.ca\/fr\/#organization"},"potentialAction":[{"@type":"SearchAction","target":{"@type":"EntryPoint","urlTemplate":"https:\/\/foodbankscanada.ca\/fr\/?s={search_term_string}"},"query-input":{"@type":"PropertyValueSpecification","valueRequired":true,"valueName":"search_term_string"}}],"inLanguage":"fr-CA"},{"@type":"Organization","@id":"https:\/\/foodbankscanada.ca\/fr\/#organization","name":"Food Banks Canada","url":"https:\/\/foodbankscanada.ca\/fr\/","logo":{"@type":"ImageObject","inLanguage":"fr-CA","@id":"https:\/\/foodbankscanada.ca\/fr\/#\/schema\/logo\/image\/","url":"https:\/\/fbcblobstorage.blob.core.windows.net\/wordpress\/2021\/11\/logo.png","contentUrl":"https:\/\/fbcblobstorage.blob.core.windows.net\/wordpress\/2021\/11\/logo.png","width":377,"height":89,"caption":"Food Banks Canada"},"image":{"@id":"https:\/\/foodbankscanada.ca\/fr\/#\/schema\/logo\/image\/"}},{"@type":"Person","@id":"https:\/\/foodbankscanada.ca\/fr\/#\/schema\/person\/c754e6dfe33dc613fc8104ec8e55a198","name":"Idea Notion","image":{"@type":"ImageObject","inLanguage":"fr-CA","@id":"https:\/\/foodbankscanada.ca\/fr\/#\/schema\/person\/image\/","url":"https:\/\/secure.gravatar.com\/avatar\/fd29e8ba27e8b1c05ac846a6471d215c1420fe5390381c1b77c3a6bd1b576cba?s=96&d=mm&r=g","contentUrl":"https:\/\/secure.gravatar.com\/avatar\/fd29e8ba27e8b1c05ac846a6471d215c1420fe5390381c1b77c3a6bd1b576cba?s=96&d=mm&r=g","caption":"Idea Notion"},"url":"https:\/\/foodbankscanada.ca\/fr\/author\/ideanotion\/"}]}},"_links":{"self":[{"href":"https:\/\/foodbankscanada.ca\/fr\/wp-json\/wp\/v2\/posts\/9925","targetHints":{"allow":["GET"]}}],"collection":[{"href":"https:\/\/foodbankscanada.ca\/fr\/wp-json\/wp\/v2\/posts"}],"about":[{"href":"https:\/\/foodbankscanada.ca\/fr\/wp-json\/wp\/v2\/types\/post"}],"author":[{"embeddable":true,"href":"https:\/\/foodbankscanada.ca\/fr\/wp-json\/wp\/v2\/users\/2"}],"replies":[{"embeddable":true,"href":"https:\/\/foodbankscanada.ca\/fr\/wp-json\/wp\/v2\/comments?post=9925"}],"version-history":[{"count":3,"href":"https:\/\/foodbankscanada.ca\/fr\/wp-json\/wp\/v2\/posts\/9925\/revisions"}],"predecessor-version":[{"id":12089,"href":"https:\/\/foodbankscanada.ca\/fr\/wp-json\/wp\/v2\/posts\/9925\/revisions\/12089"}],"wp:featuredmedia":[{"embeddable":true,"href":"https:\/\/foodbankscanada.ca\/fr\/wp-json\/wp\/v2\/media\/10002"}],"wp:attachment":[{"href":"https:\/\/foodbankscanada.ca\/fr\/wp-json\/wp\/v2\/media?parent=9925"}],"wp:term":[{"taxonomy":"category","embeddable":true,"href":"https:\/\/foodbankscanada.ca\/fr\/wp-json\/wp\/v2\/categories?post=9925"},{"taxonomy":"post_tag","embeddable":true,"href":"https:\/\/foodbankscanada.ca\/fr\/wp-json\/wp\/v2\/tags?post=9925"}],"curies":[{"name":"wp","href":"https:\/\/api.w.org\/{rel}","templated":true}]}}