{"id":46873,"date":"2026-01-08T09:08:08","date_gmt":"2026-01-08T14:08:08","guid":{"rendered":"https:\/\/foodbankscanada.ca\/?p=46873"},"modified":"2026-01-08T09:08:13","modified_gmt":"2026-01-08T14:08:13","slug":"les-changements-climatiques-perturbent-lacces-aux-aliments-dans-le-nord-voici-comment-une-communaute-a-traverse-une-periode-difficile","status":"publish","type":"post","link":"https:\/\/foodbankscanada.ca\/fr\/les-changements-climatiques-perturbent-lacces-aux-aliments-dans-le-nord-voici-comment-une-communaute-a-traverse-une-periode-difficile\/","title":{"rendered":"Les changements climatiques perturbent l\u2019acc\u00e8s aux aliments dans le Nord. Voici comment une communaut\u00e9 a travers\u00e9 une p\u00e9riode difficile."},"content":{"rendered":"\n<p>La communaut\u00e9 de York Landing, au Manitoba, qui compte environ 480&nbsp;membres de la Premi\u00e8re Nation de York Factory, incarne les valeurs Ininewak&nbsp;: le fait de s\u2019assurer que tout le monde est nourri est au c\u0153ur de la culture. Pourtant, comme de nombreuses communaut\u00e9s du Nord, ses habitants doivent composer avec des niveaux accrus d\u2019ins\u00e9curit\u00e9 alimentaire en raison de facteurs comme les injustices historiques, les possibilit\u00e9s d\u2019emploi limit\u00e9es et les co\u00fbts \u00e9lev\u00e9s du transport.<\/p>\n\n\n\n<p>Au cours de l\u2019\u00e9t\u00e9&nbsp;2025, un ensemble d\u2019\u00e9v\u00e9nements et de conditions m\u00e9t\u00e9orologiques a empir\u00e9 la situation. Tout d\u2019abord, l\u2019hiver pr\u00e9c\u00e9dent, la route de glace de York Landing n\u2019avait \u00e9t\u00e9 ouverte que pendant environ un mois, alors qu\u2019elle permettait normalement les exp\u00e9ditions hivernales pendant pr\u00e8s de trois&nbsp;mois. Puis, des niveaux d\u2019eau extr\u00eamement bas sur le fleuve Nelson ont emp\u00each\u00e9 le traversier estival de fonctionner de fa\u00e7on fiable, isolant la communaut\u00e9 pendant une p\u00e9riode de l\u2019ann\u00e9e o\u00f9 elle \u00e9tait habitu\u00e9e \u00e0 un approvisionnement relativement stable en biens, y compris des aliments commerciaux.<\/p>\n\n\n\n<p>Pire encore, des feux de for\u00eat se sont r\u00e9pandus dans la r\u00e9gion \u00e0 partir de la fin mai, remplissant l\u2019air de fum\u00e9e malsaine et emp\u00eachant les gens de sortir pour r\u00e9colter des aliments traditionnels. \u00ab&nbsp;Nous devions \u00e9galement nous pr\u00e9parer \u00e0 \u00e9vacuer \u00e0 tout moment&nbsp;\u00bb, se souvient Danielle&nbsp;Sinclair, coordonnatrice du programme de r\u00e9colte pour la Premi\u00e8re Nation de York Factory, \u00e0 York Landing. \u00ab&nbsp;Les gens avaient fait leurs bagages, ils \u00e9taient pr\u00eats \u00e0 partir&nbsp;\u00bb.<\/p>\n\n\n\n<p>\u00ab&nbsp;Les vols \u00e9taient annul\u00e9s, poursuit-elle. Il n\u2019y avait plus d\u2019acc\u00e8s routier vers Thompson [la grande ville la plus proche] pour magasiner. Le magasin du Nord a \u00e9t\u00e9 priv\u00e9 d\u2019\u00e9lectricit\u00e9 pendant plus d\u2019une semaine. Il n\u2019y avait pas d\u2019\u0153ufs ni de lait. Comme vous pouvez l\u2019imaginer, nous \u00e9tions \u00e0 bout.&nbsp;\u00bb<\/p>\n\n\n\n<p>Les changements climatiques ne touchent pas toutes les r\u00e9gions de la m\u00eame fa\u00e7on, et jusqu\u2019\u00e0 pr\u00e9sent, l\u2019Arctique et la r\u00e9gion subarctique ont subi certains des effets les plus consid\u00e9rables. Les changements graves et irr\u00e9versibles apport\u00e9s aux paysages et aux \u00e9cosyst\u00e8mes \u00ab&nbsp;ont un impact n\u00e9gatif sur la sant\u00e9 des habitants du Nord, ce qui amplifie les in\u00e9galit\u00e9s existantes&nbsp;\u00bb, mentionne le rapport <a href=\"https:\/\/changingclimate.ca\/regional-perspectives\/fr\/chapitre\/6-0\/\"><em>Le Canada dans un climat en changement&nbsp;: rapport sur les Perspectives r\u00e9gionales<\/em><\/a>, qui fait partie d\u2019une \u00e9valuation f\u00e9d\u00e9rale en cours.<\/p>\n\n\n\n<p>Mme&nbsp;Sinclair le constate par elle-m\u00eame. \u00ab&nbsp;Qui habite dans le Nord? Les Autochtones, ajoute-t-elle. Nous sommes parmi les personnes les plus touch\u00e9es.&nbsp;\u00bb<\/p>\n\n\n\n<h3 class=\"wp-block-heading\"><strong>\u00ab&nbsp;La souverainet\u00e9 alimentaire passe avant tout&nbsp;\u00bb<\/strong><strong><\/strong><\/h3>\n\n\n\n<p>Danielle\u00a0Sinclair est r\u00e9cemment rentr\u00e9e \u00e0 York Landing apr\u00e8s ses \u00e9tudes en conservation \u00e0 Vancouver. Elle a jou\u00e9 un r\u00f4le dans les programmes de chasse et de r\u00e9colte sur le territoire de la communaut\u00e9, ce qui l\u2019a rapidement mise en contact avec Banques alimentaires Canada, qui avait accord\u00e9 \u00e0 la Premi\u00e8re Nation de York Factory une<strong> Subvention d\u2019urgence pour l\u2019acc\u00e8s \u00e0 la nourriture <\/strong>en 2025. Les fonds ont \u00e9t\u00e9 r\u00e9serv\u00e9s pour des cartes-cadeaux et des bons d\u2019achat d\u2019aliments commerciaux, mais \u00e9galement pour du carburant pour motoneige en pr\u00e9vision d\u2019un voyage de chasse \u00e0 l\u2019orignal qui devait apporter beaucoup de viande nutritive et culturellement importante dans la communaut\u00e9.<\/p>\n\n\n\n<p>Toutefois, en juillet, alors que les familles \u00e9prouvaient des difficult\u00e9s et que la saison de motoneige \u00e9tait encore loin, Sinclair a communiqu\u00e9 avec Banques alimentaires Canada pour demander \u00e0 la Premi\u00e8re Nation de York Factory de d\u00e9penser d\u00e8s que possible la Subvention d\u2019urgence pour l\u2019acc\u00e8s \u00e0 la nourriture.<\/p>\n\n\n\n<p>\u00ab&nbsp;\u00c7a doit \u00eatre une p\u00e9riode stressante dans la communaut\u00e9 en ce moment&nbsp;\u00bb, a r\u00e9pondu Nolan&nbsp;Wadsworth-Polkinghorne, agent du Programme du Nord \u00e0 Banques alimentaires Canada, dans un courriel. \u00ab&nbsp;Je suis content que vous essayiez de g\u00e9rer les choses avant qu\u2019elles ne se transforment en crise.&nbsp;\u00bb<\/p>\n\n\n\n<p>Apr\u00e8s avoir rapidement aid\u00e9 Mme&nbsp;Sinclair \u00e0 obtenir l\u2019approbation de la modification des plans pour la subvention, M.&nbsp;Polkinghorne et son coll\u00e8gue du Programme du Nord, Jay&nbsp;Stevens, l\u2019ont mise en contact avec des organismes qui pourraient les aider \u00e0 tirer le maximum de fonds. La Wiiche\u2019iwaymagon Food Buying Alliance, Harvest Manitoba, Second Harvest et Manitoba Keewatinowi Okimakanak se sont tous joints \u00e0 la Premi\u00e8re Nation de York Factory et \u00e0 Banques alimentaires Canada pour l\u2019approvisionnement en nourriture et en transport.<\/p>\n\n\n\n<figure class=\"wp-block-image alignright size-large is-resized\"><img loading=\"lazy\" decoding=\"async\" width=\"1024\" height=\"576\" src=\"https:\/\/content.foodbankscanada.ca\/wordpress\/2026\/01\/e6b199b84c108bb778e3c1c15ec875b8-1024x576.png\" alt=\"\" class=\"wp-image-46849\" style=\"width:535px;height:auto\" srcset=\"https:\/\/content.foodbankscanada.ca\/wordpress\/2026\/01\/e6b199b84c108bb778e3c1c15ec875b8-1024x576.png 1024w, https:\/\/content.foodbankscanada.ca\/wordpress\/2026\/01\/e6b199b84c108bb778e3c1c15ec875b8-300x169.png 300w, https:\/\/content.foodbankscanada.ca\/wordpress\/2026\/01\/e6b199b84c108bb778e3c1c15ec875b8-768x432.png 768w, https:\/\/content.foodbankscanada.ca\/wordpress\/2026\/01\/e6b199b84c108bb778e3c1c15ec875b8-1536x864.png 1536w, https:\/\/content.foodbankscanada.ca\/wordpress\/2026\/01\/e6b199b84c108bb778e3c1c15ec875b8.png 2048w\" sizes=\"auto, (max-width: 1024px) 100vw, 1024px\" \/><\/figure>\n\n\n\n<p>\u00ab&nbsp;Il a fallu environ trois semaines de planification et de coordination, mais ensuite la nourriture a \u00e9t\u00e9 exp\u00e9di\u00e9e&nbsp;\u00bb, explique Mme&nbsp;Sinclair, qui a envoy\u00e9 chaque jour une \u00e9quipe au sol sur la piste d\u2019atterrissage locale pour ramasser de nouvelles livraisons. \u00ab&nbsp;En tout, plus de 20&nbsp;palettes sont arriv\u00e9es. Il y avait du thon, des haricots, de la soupe, des p\u00e2tes, du riz, du ma\u00efs, du poulet&nbsp;: toutes sortes de choses. C\u2019\u00e9tait g\u00e9nial de voir des femmes du coin travailler au sein de l\u2019\u00e9quipe au sol et de contribuer \u00e0 la communaut\u00e9 de cette fa\u00e7on.&nbsp;\u00bb<\/p>\n\n\n\n<p>Selon la coutume, les a\u00een\u00e9s \u00e9taient servis en premier, mais il y avait assez de nourriture \u00e0 partager avec tout le monde. \u00ab&nbsp;Nous avons un groupe Facebook communautaire, et les gens faisaient des blagues comme&nbsp;: \u201cQui sont les gens qui continuent de nous apporter toute cette bonne nourriture? Nous n\u2019aurons bient\u00f4t plus aucune raison de nous plaindre!\u201d, rigole Sinclair.<\/p>\n\n\n\n<p>En r\u00e9alit\u00e9, ajoute-t-elle sur un ton plus s\u00e9rieux, de nombreuses personnes de York Landing continuent de faire face \u00e0 l\u2019ins\u00e9curit\u00e9 alimentaire. \u00ab&nbsp;Nous avons besoin d\u2019une aide imm\u00e9diate, mais aussi de solutions \u00e0 long terme&nbsp;\u00bb.<\/p>\n\n\n\n<p>Par l\u2019entremise de son <strong>Programme du Nord <\/strong>et de son <strong>Fonds de renforcement des capacit\u00e9s pour les r\u00e9gions nordiques<\/strong>, Banques alimentaires Canada vise \u00e0 outiller et \u00e0 \u00e9largir les initiatives locales de s\u00e9curit\u00e9 alimentaire, comme le programme de r\u00e9colte coordonn\u00e9 par Mme\u00a0Sinclair. Nous pr\u00e9conisons \u00e9galement des changements syst\u00e9miques dans les politiques pour rendre les aliments, tout comme le reste des produits essentiels de la vie, plus accessibles dans la r\u00e9gion.<\/p>\n\n\n\n<p>Sinclair r\u00eave d\u2019un avenir o\u00f9 les habitants du Nord obtiendront la formation, les outils et l\u2019infrastructure n\u00e9cessaires pour favoriser la souverainet\u00e9 alimentaire. \u00ab&nbsp;Quand on s\u2019inqui\u00e8te pour la nourriture, on ne pense qu\u2019\u00e0 manger et \u00e0 nourrir sa famille&nbsp;\u00bb, dit-elle. Pour les membres des Premi\u00e8res Nations qui souhaitent revitaliser notre souverainet\u00e9, la souverainet\u00e9 alimentaire passe avant tout.&nbsp;\u00bb<\/p>\n","protected":false},"excerpt":{"rendered":"<p>La communaut\u00e9 de York Landing, au Manitoba, qui compte environ 480&nbsp;membres de la Premi\u00e8re Nation de York Factory, incarne les valeurs Ininewak&nbsp;: le fait de s\u2019assurer que tout le monde est nourri est au c\u0153ur de la culture. Pourtant, comme de nombreuses communaut\u00e9s du Nord, ses habitants doivent composer avec des niveaux accrus d\u2019ins\u00e9curit\u00e9 alimentaire&#8230;<\/p>\n","protected":false},"author":34,"featured_media":46845,"comment_status":"closed","ping_status":"open","sticky":false,"template":"","format":"standard","meta":{"_acf_changed":false,"footnotes":""},"categories":[6],"tags":[],"class_list":["post-46873","post","type-post","status-publish","format-standard","has-post-thumbnail","hentry","category-non-classifiee"],"acf":[],"yoast_head":"<!-- This site is optimized with the Yoast SEO Premium plugin v26.9 (Yoast SEO v26.9) - https:\/\/yoast.com\/product\/yoast-seo-premium-wordpress\/ -->\n<title>Les changements climatiques perturbent l\u2019acc\u00e8s aux aliments dans le Nord. Voici comment une communaut\u00e9 a travers\u00e9 une p\u00e9riode difficile. - Banques alimentaires Canada<\/title>\n<meta name=\"robots\" content=\"index, follow, max-snippet:-1, max-image-preview:large, max-video-preview:-1\" \/>\n<link rel=\"canonical\" href=\"https:\/\/foodbankscanada.ca\/fr\/les-changements-climatiques-perturbent-lacces-aux-aliments-dans-le-nord-voici-comment-une-communaute-a-traverse-une-periode-difficile\/\" \/>\n<meta property=\"og:locale\" content=\"fr_CA\" \/>\n<meta property=\"og:type\" content=\"article\" \/>\n<meta property=\"og:title\" content=\"Les changements climatiques perturbent l\u2019acc\u00e8s aux aliments dans le Nord. Voici comment une communaut\u00e9 a travers\u00e9 une p\u00e9riode difficile.\" \/>\n<meta property=\"og:description\" content=\"La communaut\u00e9 de York Landing, au Manitoba, qui compte environ 480&nbsp;membres de la Premi\u00e8re Nation de York Factory, incarne les valeurs Ininewak&nbsp;: le fait de s\u2019assurer que tout le monde est nourri est au c\u0153ur de la culture. Pourtant, comme de nombreuses communaut\u00e9s du Nord, ses habitants doivent composer avec des niveaux accrus d\u2019ins\u00e9curit\u00e9 alimentaire...\" \/>\n<meta property=\"og:url\" content=\"https:\/\/foodbankscanada.ca\/fr\/les-changements-climatiques-perturbent-lacces-aux-aliments-dans-le-nord-voici-comment-une-communaute-a-traverse-une-periode-difficile\/\" \/>\n<meta property=\"og:site_name\" content=\"Banques alimentaires Canada\" \/>\n<meta property=\"article:published_time\" content=\"2026-01-08T14:08:08+00:00\" \/>\n<meta property=\"article:modified_time\" content=\"2026-01-08T14:08:13+00:00\" \/>\n<meta property=\"og:image\" content=\"https:\/\/content.foodbankscanada.ca\/wordpress\/2026\/01\/0d0b917f06efa637fa6cdb4f370037ac.jpeg\" \/>\n\t<meta property=\"og:image:width\" content=\"2048\" \/>\n\t<meta property=\"og:image:height\" content=\"1536\" \/>\n\t<meta property=\"og:image:type\" content=\"image\/jpeg\" \/>\n<meta name=\"author\" content=\"Samantha Rideout\" \/>\n<meta name=\"twitter:card\" content=\"summary_large_image\" \/>\n<meta name=\"twitter:label1\" content=\"Written by\" \/>\n\t<meta name=\"twitter:data1\" content=\"Samantha Rideout\" \/>\n\t<meta name=\"twitter:label2\" content=\"Est. reading time\" \/>\n\t<meta name=\"twitter:data2\" content=\"6 minutes\" \/>\n<script type=\"application\/ld+json\" class=\"yoast-schema-graph\">{\"@context\":\"https:\/\/schema.org\",\"@graph\":[{\"@type\":\"Article\",\"@id\":\"https:\/\/foodbankscanada.ca\/fr\/les-changements-climatiques-perturbent-lacces-aux-aliments-dans-le-nord-voici-comment-une-communaute-a-traverse-une-periode-difficile\/#article\",\"isPartOf\":{\"@id\":\"https:\/\/foodbankscanada.ca\/fr\/les-changements-climatiques-perturbent-lacces-aux-aliments-dans-le-nord-voici-comment-une-communaute-a-traverse-une-periode-difficile\/\"},\"author\":{\"name\":\"Samantha Rideout\",\"@id\":\"https:\/\/foodbankscanada.ca\/fr\/#\/schema\/person\/6cc54c832653dce5f336a8e850d98f1f\"},\"headline\":\"Les changements climatiques perturbent l\u2019acc\u00e8s aux aliments dans le Nord. Voici comment une communaut\u00e9 a travers\u00e9 une p\u00e9riode difficile.\",\"datePublished\":\"2026-01-08T14:08:08+00:00\",\"dateModified\":\"2026-01-08T14:08:13+00:00\",\"mainEntityOfPage\":{\"@id\":\"https:\/\/foodbankscanada.ca\/fr\/les-changements-climatiques-perturbent-lacces-aux-aliments-dans-le-nord-voici-comment-une-communaute-a-traverse-une-periode-difficile\/\"},\"wordCount\":1165,\"publisher\":{\"@id\":\"https:\/\/foodbankscanada.ca\/fr\/#organization\"},\"image\":{\"@id\":\"https:\/\/foodbankscanada.ca\/fr\/les-changements-climatiques-perturbent-lacces-aux-aliments-dans-le-nord-voici-comment-une-communaute-a-traverse-une-periode-difficile\/#primaryimage\"},\"thumbnailUrl\":\"https:\/\/content.foodbankscanada.ca\/wordpress\/2026\/01\/0d0b917f06efa637fa6cdb4f370037ac.jpeg\",\"articleSection\":[\"Non classifi\u00e9(e)\"],\"inLanguage\":\"fr-CA\"},{\"@type\":\"WebPage\",\"@id\":\"https:\/\/foodbankscanada.ca\/fr\/les-changements-climatiques-perturbent-lacces-aux-aliments-dans-le-nord-voici-comment-une-communaute-a-traverse-une-periode-difficile\/\",\"url\":\"https:\/\/foodbankscanada.ca\/fr\/les-changements-climatiques-perturbent-lacces-aux-aliments-dans-le-nord-voici-comment-une-communaute-a-traverse-une-periode-difficile\/\",\"name\":\"Les changements climatiques perturbent l\u2019acc\u00e8s aux aliments dans le Nord. Voici comment une communaut\u00e9 a travers\u00e9 une p\u00e9riode difficile. - Banques alimentaires Canada\",\"isPartOf\":{\"@id\":\"https:\/\/foodbankscanada.ca\/fr\/#website\"},\"primaryImageOfPage\":{\"@id\":\"https:\/\/foodbankscanada.ca\/fr\/les-changements-climatiques-perturbent-lacces-aux-aliments-dans-le-nord-voici-comment-une-communaute-a-traverse-une-periode-difficile\/#primaryimage\"},\"image\":{\"@id\":\"https:\/\/foodbankscanada.ca\/fr\/les-changements-climatiques-perturbent-lacces-aux-aliments-dans-le-nord-voici-comment-une-communaute-a-traverse-une-periode-difficile\/#primaryimage\"},\"thumbnailUrl\":\"https:\/\/content.foodbankscanada.ca\/wordpress\/2026\/01\/0d0b917f06efa637fa6cdb4f370037ac.jpeg\",\"datePublished\":\"2026-01-08T14:08:08+00:00\",\"dateModified\":\"2026-01-08T14:08:13+00:00\",\"breadcrumb\":{\"@id\":\"https:\/\/foodbankscanada.ca\/fr\/les-changements-climatiques-perturbent-lacces-aux-aliments-dans-le-nord-voici-comment-une-communaute-a-traverse-une-periode-difficile\/#breadcrumb\"},\"inLanguage\":\"fr-CA\",\"potentialAction\":[{\"@type\":\"ReadAction\",\"target\":[\"https:\/\/foodbankscanada.ca\/fr\/les-changements-climatiques-perturbent-lacces-aux-aliments-dans-le-nord-voici-comment-une-communaute-a-traverse-une-periode-difficile\/\"]}]},{\"@type\":\"ImageObject\",\"inLanguage\":\"fr-CA\",\"@id\":\"https:\/\/foodbankscanada.ca\/fr\/les-changements-climatiques-perturbent-lacces-aux-aliments-dans-le-nord-voici-comment-une-communaute-a-traverse-une-periode-difficile\/#primaryimage\",\"url\":\"https:\/\/content.foodbankscanada.ca\/wordpress\/2026\/01\/0d0b917f06efa637fa6cdb4f370037ac.jpeg\",\"contentUrl\":\"https:\/\/content.foodbankscanada.ca\/wordpress\/2026\/01\/0d0b917f06efa637fa6cdb4f370037ac.jpeg\",\"width\":2048,\"height\":1536},{\"@type\":\"BreadcrumbList\",\"@id\":\"https:\/\/foodbankscanada.ca\/fr\/les-changements-climatiques-perturbent-lacces-aux-aliments-dans-le-nord-voici-comment-une-communaute-a-traverse-une-periode-difficile\/#breadcrumb\",\"itemListElement\":[{\"@type\":\"ListItem\",\"position\":1,\"name\":\"Accueil\",\"item\":\"https:\/\/foodbankscanada.ca\/fr\/\"},{\"@type\":\"ListItem\",\"position\":2,\"name\":\"Les changements climatiques perturbent l\u2019acc\u00e8s aux aliments dans le Nord. Voici comment une communaut\u00e9 a travers\u00e9 une p\u00e9riode difficile.\"}]},{\"@type\":\"WebSite\",\"@id\":\"https:\/\/foodbankscanada.ca\/fr\/#website\",\"url\":\"https:\/\/foodbankscanada.ca\/fr\/\",\"name\":\"Banques alimentaires Canada\",\"description\":\"\",\"publisher\":{\"@id\":\"https:\/\/foodbankscanada.ca\/fr\/#organization\"},\"potentialAction\":[{\"@type\":\"SearchAction\",\"target\":{\"@type\":\"EntryPoint\",\"urlTemplate\":\"https:\/\/foodbankscanada.ca\/fr\/?s={search_term_string}\"},\"query-input\":{\"@type\":\"PropertyValueSpecification\",\"valueRequired\":true,\"valueName\":\"search_term_string\"}}],\"inLanguage\":\"fr-CA\"},{\"@type\":\"Organization\",\"@id\":\"https:\/\/foodbankscanada.ca\/fr\/#organization\",\"name\":\"Food Banks Canada\",\"url\":\"https:\/\/foodbankscanada.ca\/fr\/\",\"logo\":{\"@type\":\"ImageObject\",\"inLanguage\":\"fr-CA\",\"@id\":\"https:\/\/foodbankscanada.ca\/fr\/#\/schema\/logo\/image\/\",\"url\":\"https:\/\/fbcblobstorage.blob.core.windows.net\/wordpress\/2021\/11\/logo.png\",\"contentUrl\":\"https:\/\/fbcblobstorage.blob.core.windows.net\/wordpress\/2021\/11\/logo.png\",\"width\":377,\"height\":89,\"caption\":\"Food Banks Canada\"},\"image\":{\"@id\":\"https:\/\/foodbankscanada.ca\/fr\/#\/schema\/logo\/image\/\"}},{\"@type\":\"Person\",\"@id\":\"https:\/\/foodbankscanada.ca\/fr\/#\/schema\/person\/6cc54c832653dce5f336a8e850d98f1f\",\"name\":\"Samantha Rideout\",\"image\":{\"@type\":\"ImageObject\",\"inLanguage\":\"fr-CA\",\"@id\":\"https:\/\/foodbankscanada.ca\/fr\/#\/schema\/person\/image\/\",\"url\":\"https:\/\/secure.gravatar.com\/avatar\/0436ecff73810150cca59d2521277072f37caf478cd16af70844347e0259cde6?s=96&d=mm&r=g\",\"contentUrl\":\"https:\/\/secure.gravatar.com\/avatar\/0436ecff73810150cca59d2521277072f37caf478cd16af70844347e0259cde6?s=96&d=mm&r=g\",\"caption\":\"Samantha Rideout\"},\"url\":\"https:\/\/foodbankscanada.ca\/fr\/author\/samantha-rideoutfoodbankscanada-ca\/\"}]}<\/script>\n<!-- \/ Yoast SEO Premium plugin. -->","yoast_head_json":{"title":"Les changements climatiques perturbent l\u2019acc\u00e8s aux aliments dans le Nord. Voici comment une communaut\u00e9 a travers\u00e9 une p\u00e9riode difficile. - Banques alimentaires Canada","robots":{"index":"index","follow":"follow","max-snippet":"max-snippet:-1","max-image-preview":"max-image-preview:large","max-video-preview":"max-video-preview:-1"},"canonical":"https:\/\/foodbankscanada.ca\/fr\/les-changements-climatiques-perturbent-lacces-aux-aliments-dans-le-nord-voici-comment-une-communaute-a-traverse-une-periode-difficile\/","og_locale":"fr_CA","og_type":"article","og_title":"Les changements climatiques perturbent l\u2019acc\u00e8s aux aliments dans le Nord. Voici comment une communaut\u00e9 a travers\u00e9 une p\u00e9riode difficile.","og_description":"La communaut\u00e9 de York Landing, au Manitoba, qui compte environ 480&nbsp;membres de la Premi\u00e8re Nation de York Factory, incarne les valeurs Ininewak&nbsp;: le fait de s\u2019assurer que tout le monde est nourri est au c\u0153ur de la culture. Pourtant, comme de nombreuses communaut\u00e9s du Nord, ses habitants doivent composer avec des niveaux accrus d\u2019ins\u00e9curit\u00e9 alimentaire...","og_url":"https:\/\/foodbankscanada.ca\/fr\/les-changements-climatiques-perturbent-lacces-aux-aliments-dans-le-nord-voici-comment-une-communaute-a-traverse-une-periode-difficile\/","og_site_name":"Banques alimentaires Canada","article_published_time":"2026-01-08T14:08:08+00:00","article_modified_time":"2026-01-08T14:08:13+00:00","og_image":[{"width":2048,"height":1536,"url":"https:\/\/content.foodbankscanada.ca\/wordpress\/2026\/01\/0d0b917f06efa637fa6cdb4f370037ac.jpeg","type":"image\/jpeg"}],"author":"Samantha Rideout","twitter_card":"summary_large_image","twitter_misc":{"Written by":"Samantha Rideout","Est. reading time":"6 minutes"},"schema":{"@context":"https:\/\/schema.org","@graph":[{"@type":"Article","@id":"https:\/\/foodbankscanada.ca\/fr\/les-changements-climatiques-perturbent-lacces-aux-aliments-dans-le-nord-voici-comment-une-communaute-a-traverse-une-periode-difficile\/#article","isPartOf":{"@id":"https:\/\/foodbankscanada.ca\/fr\/les-changements-climatiques-perturbent-lacces-aux-aliments-dans-le-nord-voici-comment-une-communaute-a-traverse-une-periode-difficile\/"},"author":{"name":"Samantha Rideout","@id":"https:\/\/foodbankscanada.ca\/fr\/#\/schema\/person\/6cc54c832653dce5f336a8e850d98f1f"},"headline":"Les changements climatiques perturbent l\u2019acc\u00e8s aux aliments dans le Nord. Voici comment une communaut\u00e9 a travers\u00e9 une p\u00e9riode difficile.","datePublished":"2026-01-08T14:08:08+00:00","dateModified":"2026-01-08T14:08:13+00:00","mainEntityOfPage":{"@id":"https:\/\/foodbankscanada.ca\/fr\/les-changements-climatiques-perturbent-lacces-aux-aliments-dans-le-nord-voici-comment-une-communaute-a-traverse-une-periode-difficile\/"},"wordCount":1165,"publisher":{"@id":"https:\/\/foodbankscanada.ca\/fr\/#organization"},"image":{"@id":"https:\/\/foodbankscanada.ca\/fr\/les-changements-climatiques-perturbent-lacces-aux-aliments-dans-le-nord-voici-comment-une-communaute-a-traverse-une-periode-difficile\/#primaryimage"},"thumbnailUrl":"https:\/\/content.foodbankscanada.ca\/wordpress\/2026\/01\/0d0b917f06efa637fa6cdb4f370037ac.jpeg","articleSection":["Non classifi\u00e9(e)"],"inLanguage":"fr-CA"},{"@type":"WebPage","@id":"https:\/\/foodbankscanada.ca\/fr\/les-changements-climatiques-perturbent-lacces-aux-aliments-dans-le-nord-voici-comment-une-communaute-a-traverse-une-periode-difficile\/","url":"https:\/\/foodbankscanada.ca\/fr\/les-changements-climatiques-perturbent-lacces-aux-aliments-dans-le-nord-voici-comment-une-communaute-a-traverse-une-periode-difficile\/","name":"Les changements climatiques perturbent l\u2019acc\u00e8s aux aliments dans le Nord. Voici comment une communaut\u00e9 a travers\u00e9 une p\u00e9riode difficile. - Banques alimentaires Canada","isPartOf":{"@id":"https:\/\/foodbankscanada.ca\/fr\/#website"},"primaryImageOfPage":{"@id":"https:\/\/foodbankscanada.ca\/fr\/les-changements-climatiques-perturbent-lacces-aux-aliments-dans-le-nord-voici-comment-une-communaute-a-traverse-une-periode-difficile\/#primaryimage"},"image":{"@id":"https:\/\/foodbankscanada.ca\/fr\/les-changements-climatiques-perturbent-lacces-aux-aliments-dans-le-nord-voici-comment-une-communaute-a-traverse-une-periode-difficile\/#primaryimage"},"thumbnailUrl":"https:\/\/content.foodbankscanada.ca\/wordpress\/2026\/01\/0d0b917f06efa637fa6cdb4f370037ac.jpeg","datePublished":"2026-01-08T14:08:08+00:00","dateModified":"2026-01-08T14:08:13+00:00","breadcrumb":{"@id":"https:\/\/foodbankscanada.ca\/fr\/les-changements-climatiques-perturbent-lacces-aux-aliments-dans-le-nord-voici-comment-une-communaute-a-traverse-une-periode-difficile\/#breadcrumb"},"inLanguage":"fr-CA","potentialAction":[{"@type":"ReadAction","target":["https:\/\/foodbankscanada.ca\/fr\/les-changements-climatiques-perturbent-lacces-aux-aliments-dans-le-nord-voici-comment-une-communaute-a-traverse-une-periode-difficile\/"]}]},{"@type":"ImageObject","inLanguage":"fr-CA","@id":"https:\/\/foodbankscanada.ca\/fr\/les-changements-climatiques-perturbent-lacces-aux-aliments-dans-le-nord-voici-comment-une-communaute-a-traverse-une-periode-difficile\/#primaryimage","url":"https:\/\/content.foodbankscanada.ca\/wordpress\/2026\/01\/0d0b917f06efa637fa6cdb4f370037ac.jpeg","contentUrl":"https:\/\/content.foodbankscanada.ca\/wordpress\/2026\/01\/0d0b917f06efa637fa6cdb4f370037ac.jpeg","width":2048,"height":1536},{"@type":"BreadcrumbList","@id":"https:\/\/foodbankscanada.ca\/fr\/les-changements-climatiques-perturbent-lacces-aux-aliments-dans-le-nord-voici-comment-une-communaute-a-traverse-une-periode-difficile\/#breadcrumb","itemListElement":[{"@type":"ListItem","position":1,"name":"Accueil","item":"https:\/\/foodbankscanada.ca\/fr\/"},{"@type":"ListItem","position":2,"name":"Les changements climatiques perturbent l\u2019acc\u00e8s aux aliments dans le Nord. Voici comment une communaut\u00e9 a travers\u00e9 une p\u00e9riode difficile."}]},{"@type":"WebSite","@id":"https:\/\/foodbankscanada.ca\/fr\/#website","url":"https:\/\/foodbankscanada.ca\/fr\/","name":"Banques alimentaires Canada","description":"","publisher":{"@id":"https:\/\/foodbankscanada.ca\/fr\/#organization"},"potentialAction":[{"@type":"SearchAction","target":{"@type":"EntryPoint","urlTemplate":"https:\/\/foodbankscanada.ca\/fr\/?s={search_term_string}"},"query-input":{"@type":"PropertyValueSpecification","valueRequired":true,"valueName":"search_term_string"}}],"inLanguage":"fr-CA"},{"@type":"Organization","@id":"https:\/\/foodbankscanada.ca\/fr\/#organization","name":"Food Banks Canada","url":"https:\/\/foodbankscanada.ca\/fr\/","logo":{"@type":"ImageObject","inLanguage":"fr-CA","@id":"https:\/\/foodbankscanada.ca\/fr\/#\/schema\/logo\/image\/","url":"https:\/\/fbcblobstorage.blob.core.windows.net\/wordpress\/2021\/11\/logo.png","contentUrl":"https:\/\/fbcblobstorage.blob.core.windows.net\/wordpress\/2021\/11\/logo.png","width":377,"height":89,"caption":"Food Banks Canada"},"image":{"@id":"https:\/\/foodbankscanada.ca\/fr\/#\/schema\/logo\/image\/"}},{"@type":"Person","@id":"https:\/\/foodbankscanada.ca\/fr\/#\/schema\/person\/6cc54c832653dce5f336a8e850d98f1f","name":"Samantha Rideout","image":{"@type":"ImageObject","inLanguage":"fr-CA","@id":"https:\/\/foodbankscanada.ca\/fr\/#\/schema\/person\/image\/","url":"https:\/\/secure.gravatar.com\/avatar\/0436ecff73810150cca59d2521277072f37caf478cd16af70844347e0259cde6?s=96&d=mm&r=g","contentUrl":"https:\/\/secure.gravatar.com\/avatar\/0436ecff73810150cca59d2521277072f37caf478cd16af70844347e0259cde6?s=96&d=mm&r=g","caption":"Samantha Rideout"},"url":"https:\/\/foodbankscanada.ca\/fr\/author\/samantha-rideoutfoodbankscanada-ca\/"}]}},"_links":{"self":[{"href":"https:\/\/foodbankscanada.ca\/fr\/wp-json\/wp\/v2\/posts\/46873","targetHints":{"allow":["GET"]}}],"collection":[{"href":"https:\/\/foodbankscanada.ca\/fr\/wp-json\/wp\/v2\/posts"}],"about":[{"href":"https:\/\/foodbankscanada.ca\/fr\/wp-json\/wp\/v2\/types\/post"}],"author":[{"embeddable":true,"href":"https:\/\/foodbankscanada.ca\/fr\/wp-json\/wp\/v2\/users\/34"}],"replies":[{"embeddable":true,"href":"https:\/\/foodbankscanada.ca\/fr\/wp-json\/wp\/v2\/comments?post=46873"}],"version-history":[{"count":17,"href":"https:\/\/foodbankscanada.ca\/fr\/wp-json\/wp\/v2\/posts\/46873\/revisions"}],"predecessor-version":[{"id":46899,"href":"https:\/\/foodbankscanada.ca\/fr\/wp-json\/wp\/v2\/posts\/46873\/revisions\/46899"}],"wp:featuredmedia":[{"embeddable":true,"href":"https:\/\/foodbankscanada.ca\/fr\/wp-json\/wp\/v2\/media\/46845"}],"wp:attachment":[{"href":"https:\/\/foodbankscanada.ca\/fr\/wp-json\/wp\/v2\/media?parent=46873"}],"wp:term":[{"taxonomy":"category","embeddable":true,"href":"https:\/\/foodbankscanada.ca\/fr\/wp-json\/wp\/v2\/categories?post=46873"},{"taxonomy":"post_tag","embeddable":true,"href":"https:\/\/foodbankscanada.ca\/fr\/wp-json\/wp\/v2\/tags?post=46873"}],"curies":[{"name":"wp","href":"https:\/\/api.w.org\/{rel}","templated":true}]}}