{"id":31351,"date":"2024-03-04T11:18:02","date_gmt":"2024-03-04T16:18:02","guid":{"rendered":"https:\/\/foodbankscanada.ca\/?p=31351"},"modified":"2024-03-04T11:21:16","modified_gmt":"2024-03-04T16:21:16","slug":"projecteur-du-banquier-alimentaire-terri-smith","status":"publish","type":"post","link":"https:\/\/foodbankscanada.ca\/fr\/projecteur-du-banquier-alimentaire-terri-smith\/","title":{"rendered":"Projecteur du banquier alimentaire\u00a0\u2013 Terri Smith"},"content":{"rendered":"\n<p>Nous sommes toujours int\u00e9ress\u00e9s \u00e0 en savoir plus sur les individus dans les banques alimentaires \u00e0 travers le Canada! Ce mois-ci, nos projecteurs sont braqu\u00e9s sur\u00a0Terri Smith, directrice des op\u00e9rations \u00e0 la banque alimentaire de Moose Jaw et du district.<\/p>\n\n\n\n<figure class=\"wp-block-image aligncenter size-full is-resized\"><img loading=\"lazy\" decoding=\"async\" width=\"655\" height=\"768\" src=\"https:\/\/content.foodbankscanada.ca\/wordpress\/2024\/03\/Pic-for-spotlight.jpg\" alt=\"\" class=\"wp-image-31347\" style=\"width:202px;height:auto\"\/><\/figure>\n\n\n\n<p><strong>Quel est votre r\u00f4le dans le r\u00e9seau des banques alimentaires?<\/strong><br>J\u2019ai commenc\u00e9 \u00e0 travailler \u00e0 la banque alimentaire en ao\u00fbt&nbsp;2003 \u00e0 titre de chauffeuse et j\u2019ai gravi les \u00e9chelons jusqu\u2019au poste de directrice de l\u2019exploitation. &nbsp;<\/p>\n\n\n\n<p><strong>Quel pronom utilisez-vous?<\/strong><br>Elle. &nbsp;<\/p>\n\n\n\n<p><strong>D\u00e9crivez votre journ\u00e9e de travail typique en un mot.<\/strong><br>Stimulante. &nbsp;<\/p>\n\n\n\n<p><strong>Qu\u2019est-ce qui vous a motiv\u00e9e \u00e0 travailler dans les banques alimentaires?<\/strong><br>Mettre fin \u00e0 la stigmatisation associ\u00e9e au recours aux banques alimentaires. &nbsp;<\/p>\n\n\n\n<p><strong>Quelle est votre plus grande r\u00e9alisation dans votre poste actuel?<\/strong><br>Prendre part \u00e0 l\u2019achat d\u2019un nouveau b\u00e2timent et le structurer pour qu\u2019il r\u00e9ponde \u00e0 nos besoins grandissants. Je suis tr\u00e8s reconnaissante d\u2019avoir travaill\u00e9 avec tant d\u2019employ\u00e9s et de b\u00e9n\u00e9voles merveilleux au fil des ans. Ils aident leur communaut\u00e9 avec tellement de passion et sont toujours l\u00e0 pour aider. J\u2019ai acquis tellement de connaissances gr\u00e2ce \u00e0 eux. &nbsp;<\/p>\n\n\n\n<p><strong>Quel est le plus grand d\u00e9fi que vous devez surmonter dans votre poste actuel?<\/strong><br>Participer \u00e0 l\u2019achat d\u2019un nouveau b\u00e2timent et \u00e0 l\u2019adaptation \u00e0 nos nouveaux locaux et \u00e0 notre nouvelle fa\u00e7on de fonctionner. Nous avons tellement grandi au cours des deux derni\u00e8res ann\u00e9es. Cela a \u00e9t\u00e9 \u00e0 la fois bouleversant et excitant. J\u2019ai ador\u00e9 chaque minute de cette p\u00e9riode. &nbsp;<\/p>\n\n\n\n<p><strong>Si vous pouviez faire un seul v\u0153u pour r\u00e9gler le probl\u00e8me de la faim au Canada, quel serait-il?<\/strong><br>Que tout le monde dispose d\u2019un syst\u00e8me de soutien et n\u2019ait pas \u00e0 d\u00e9pendre des banques alimentaires pour survivre. Nous sommes tous dans le m\u00eame bateau. Aidons tout le monde \u00e0 se relever. &nbsp;<\/p>\n\n\n\n<p><strong>Quel talent aimeriez-vous le plus avoir?<\/strong><br>La connaissance de tout. &nbsp;<\/p>\n\n\n\n<p><strong>Si vous pouviez remonter le temps et vous donner un conseil \u00e0 vous-m\u00eame, quel serait-il?<\/strong><br>Ralentir et prendre le temps de respirer. &nbsp;<\/p>\n\n\n\n<p><strong>Qui sont vos h\u00e9ros? Fictifs ou r\u00e9els.<\/strong><br>Mes parents et ma famille. &nbsp;<\/p>\n\n\n\n<p><strong>Quelle est votre conception du bonheur?<\/strong><br>Passer du temps avec ma famille et d\u00e9couvrir de nouveaux endroits. &nbsp;<\/p>\n\n\n\n<p><strong>Quelle est votre devise?<\/strong><br>\u00c7a pourrait toujours \u00eatre pire. &nbsp;<\/p>\n\n\n\n<p><strong>Apprenez-nous un fait inusit\u00e9 \u00e0 votre sujet.<\/strong><br>Il y a certaines choses que je pr\u00e9f\u00e8re garder pour moi. &nbsp;<\/p>\n\n\n\n<p><strong>Quelle chanson vous repr\u00e9sente le mieux?<\/strong><br>N\u2019importe quelle chanson qui me donne envie de danser. &nbsp;<\/p>\n\n\n\n<p><strong>Vous connaissez une banque alimentaire ou un membre du r\u00e9seau que nous pourrions pr\u00e9senter dans le prochain Coup de projecteur? \u00c9crivez-nous \u00e0 <a href=\"mailto:communications@foodbankscanada.ca\">communications@foodbankscanada.ca<\/a>.<\/strong><\/p>\n","protected":false},"excerpt":{"rendered":"<p>Nous sommes toujours int\u00e9ress\u00e9s \u00e0 en savoir plus sur les individus dans les banques alimentaires \u00e0 travers le Canada! Ce mois-ci, nos projecteurs sont braqu\u00e9s sur\u00a0Terri Smith, directrice des op\u00e9rations \u00e0 la banque alimentaire de Moose Jaw et du district. Quel est votre r\u00f4le dans le r\u00e9seau des banques alimentaires?J\u2019ai commenc\u00e9 \u00e0 travailler \u00e0 la&#8230;<\/p>\n","protected":false},"author":26,"featured_media":10002,"comment_status":"closed","ping_status":"open","sticky":false,"template":"","format":"standard","meta":{"_acf_changed":false,"footnotes":""},"categories":[6],"tags":[],"class_list":["post-31351","post","type-post","status-publish","format-standard","has-post-thumbnail","hentry","category-non-classifiee"],"acf":[],"yoast_head":"<!-- This site is optimized with the Yoast SEO Premium plugin v26.9 (Yoast SEO v26.9) - https:\/\/yoast.com\/product\/yoast-seo-premium-wordpress\/ -->\n<title>Projecteur du banquier alimentaire\u00a0\u2013 Terri Smith - Banques alimentaires Canada<\/title>\n<meta name=\"robots\" content=\"index, follow, max-snippet:-1, max-image-preview:large, max-video-preview:-1\" \/>\n<link rel=\"canonical\" href=\"https:\/\/foodbankscanada.ca\/fr\/projecteur-du-banquier-alimentaire-terri-smith\/\" \/>\n<meta property=\"og:locale\" content=\"fr_CA\" \/>\n<meta property=\"og:type\" content=\"article\" \/>\n<meta property=\"og:title\" content=\"Projecteur du banquier alimentaire\u00a0\u2013 Terri Smith\" \/>\n<meta property=\"og:description\" content=\"Nous sommes toujours int\u00e9ress\u00e9s \u00e0 en savoir plus sur les individus dans les banques alimentaires \u00e0 travers le Canada! Ce mois-ci, nos projecteurs sont braqu\u00e9s sur\u00a0Terri Smith, directrice des op\u00e9rations \u00e0 la banque alimentaire de Moose Jaw et du district. Quel est votre r\u00f4le dans le r\u00e9seau des banques alimentaires?J\u2019ai commenc\u00e9 \u00e0 travailler \u00e0 la...\" \/>\n<meta property=\"og:url\" content=\"https:\/\/foodbankscanada.ca\/fr\/projecteur-du-banquier-alimentaire-terri-smith\/\" \/>\n<meta property=\"og:site_name\" content=\"Banques alimentaires Canada\" \/>\n<meta property=\"article:published_time\" content=\"2024-03-04T16:18:02+00:00\" \/>\n<meta property=\"article:modified_time\" content=\"2024-03-04T16:21:16+00:00\" \/>\n<meta property=\"og:image\" content=\"https:\/\/content.foodbankscanada.ca\/wordpress\/2022\/03\/Spotlight_Banner_2019_FR.png\" \/>\n\t<meta property=\"og:image:width\" content=\"3338\" \/>\n\t<meta property=\"og:image:height\" content=\"1251\" \/>\n\t<meta property=\"og:image:type\" content=\"image\/png\" \/>\n<meta name=\"author\" content=\"Ciara Healy\" \/>\n<meta name=\"twitter:card\" content=\"summary_large_image\" \/>\n<meta name=\"twitter:label1\" content=\"Written by\" \/>\n\t<meta name=\"twitter:data1\" content=\"Ciara Healy\" \/>\n\t<meta name=\"twitter:label2\" content=\"Est. reading time\" \/>\n\t<meta name=\"twitter:data2\" content=\"2 minutes\" \/>\n<script type=\"application\/ld+json\" class=\"yoast-schema-graph\">{\"@context\":\"https:\/\/schema.org\",\"@graph\":[{\"@type\":\"Article\",\"@id\":\"https:\/\/foodbankscanada.ca\/fr\/projecteur-du-banquier-alimentaire-terri-smith\/#article\",\"isPartOf\":{\"@id\":\"https:\/\/foodbankscanada.ca\/fr\/projecteur-du-banquier-alimentaire-terri-smith\/\"},\"author\":{\"name\":\"Ciara Healy\",\"@id\":\"https:\/\/foodbankscanada.ca\/fr\/#\/schema\/person\/b1b39e37746390fdec5462000751963a\"},\"headline\":\"Projecteur du banquier alimentaire\u00a0\u2013 Terri Smith\",\"datePublished\":\"2024-03-04T16:18:02+00:00\",\"dateModified\":\"2024-03-04T16:21:16+00:00\",\"mainEntityOfPage\":{\"@id\":\"https:\/\/foodbankscanada.ca\/fr\/projecteur-du-banquier-alimentaire-terri-smith\/\"},\"wordCount\":475,\"publisher\":{\"@id\":\"https:\/\/foodbankscanada.ca\/fr\/#organization\"},\"image\":{\"@id\":\"https:\/\/foodbankscanada.ca\/fr\/projecteur-du-banquier-alimentaire-terri-smith\/#primaryimage\"},\"thumbnailUrl\":\"https:\/\/content.foodbankscanada.ca\/wordpress\/2022\/03\/Spotlight_Banner_2019_FR.png\",\"articleSection\":[\"Non classifi\u00e9(e)\"],\"inLanguage\":\"fr-CA\"},{\"@type\":\"WebPage\",\"@id\":\"https:\/\/foodbankscanada.ca\/fr\/projecteur-du-banquier-alimentaire-terri-smith\/\",\"url\":\"https:\/\/foodbankscanada.ca\/fr\/projecteur-du-banquier-alimentaire-terri-smith\/\",\"name\":\"Projecteur du banquier alimentaire\u00a0\u2013 Terri Smith - Banques alimentaires Canada\",\"isPartOf\":{\"@id\":\"https:\/\/foodbankscanada.ca\/fr\/#website\"},\"primaryImageOfPage\":{\"@id\":\"https:\/\/foodbankscanada.ca\/fr\/projecteur-du-banquier-alimentaire-terri-smith\/#primaryimage\"},\"image\":{\"@id\":\"https:\/\/foodbankscanada.ca\/fr\/projecteur-du-banquier-alimentaire-terri-smith\/#primaryimage\"},\"thumbnailUrl\":\"https:\/\/content.foodbankscanada.ca\/wordpress\/2022\/03\/Spotlight_Banner_2019_FR.png\",\"datePublished\":\"2024-03-04T16:18:02+00:00\",\"dateModified\":\"2024-03-04T16:21:16+00:00\",\"breadcrumb\":{\"@id\":\"https:\/\/foodbankscanada.ca\/fr\/projecteur-du-banquier-alimentaire-terri-smith\/#breadcrumb\"},\"inLanguage\":\"fr-CA\",\"potentialAction\":[{\"@type\":\"ReadAction\",\"target\":[\"https:\/\/foodbankscanada.ca\/fr\/projecteur-du-banquier-alimentaire-terri-smith\/\"]}]},{\"@type\":\"ImageObject\",\"inLanguage\":\"fr-CA\",\"@id\":\"https:\/\/foodbankscanada.ca\/fr\/projecteur-du-banquier-alimentaire-terri-smith\/#primaryimage\",\"url\":\"https:\/\/content.foodbankscanada.ca\/wordpress\/2022\/03\/Spotlight_Banner_2019_FR.png\",\"contentUrl\":\"https:\/\/content.foodbankscanada.ca\/wordpress\/2022\/03\/Spotlight_Banner_2019_FR.png\",\"width\":3338,\"height\":1251},{\"@type\":\"BreadcrumbList\",\"@id\":\"https:\/\/foodbankscanada.ca\/fr\/projecteur-du-banquier-alimentaire-terri-smith\/#breadcrumb\",\"itemListElement\":[{\"@type\":\"ListItem\",\"position\":1,\"name\":\"Accueil\",\"item\":\"https:\/\/foodbankscanada.ca\/fr\/\"},{\"@type\":\"ListItem\",\"position\":2,\"name\":\"Projecteur du banquier alimentaire\u00a0\u2013 Terri Smith\"}]},{\"@type\":\"WebSite\",\"@id\":\"https:\/\/foodbankscanada.ca\/fr\/#website\",\"url\":\"https:\/\/foodbankscanada.ca\/fr\/\",\"name\":\"Banques alimentaires Canada\",\"description\":\"\",\"publisher\":{\"@id\":\"https:\/\/foodbankscanada.ca\/fr\/#organization\"},\"potentialAction\":[{\"@type\":\"SearchAction\",\"target\":{\"@type\":\"EntryPoint\",\"urlTemplate\":\"https:\/\/foodbankscanada.ca\/fr\/?s={search_term_string}\"},\"query-input\":{\"@type\":\"PropertyValueSpecification\",\"valueRequired\":true,\"valueName\":\"search_term_string\"}}],\"inLanguage\":\"fr-CA\"},{\"@type\":\"Organization\",\"@id\":\"https:\/\/foodbankscanada.ca\/fr\/#organization\",\"name\":\"Food Banks Canada\",\"url\":\"https:\/\/foodbankscanada.ca\/fr\/\",\"logo\":{\"@type\":\"ImageObject\",\"inLanguage\":\"fr-CA\",\"@id\":\"https:\/\/foodbankscanada.ca\/fr\/#\/schema\/logo\/image\/\",\"url\":\"https:\/\/fbcblobstorage.blob.core.windows.net\/wordpress\/2021\/11\/logo.png\",\"contentUrl\":\"https:\/\/fbcblobstorage.blob.core.windows.net\/wordpress\/2021\/11\/logo.png\",\"width\":377,\"height\":89,\"caption\":\"Food Banks Canada\"},\"image\":{\"@id\":\"https:\/\/foodbankscanada.ca\/fr\/#\/schema\/logo\/image\/\"}},{\"@type\":\"Person\",\"@id\":\"https:\/\/foodbankscanada.ca\/fr\/#\/schema\/person\/b1b39e37746390fdec5462000751963a\",\"name\":\"Ciara Healy\",\"image\":{\"@type\":\"ImageObject\",\"inLanguage\":\"fr-CA\",\"@id\":\"https:\/\/foodbankscanada.ca\/fr\/#\/schema\/person\/image\/\",\"url\":\"https:\/\/secure.gravatar.com\/avatar\/27a17fc71ec7ebffd80f423691307af31979125d37c2ee0ca4234cf312113ab5?s=96&d=mm&r=g\",\"contentUrl\":\"https:\/\/secure.gravatar.com\/avatar\/27a17fc71ec7ebffd80f423691307af31979125d37c2ee0ca4234cf312113ab5?s=96&d=mm&r=g\",\"caption\":\"Ciara Healy\"},\"url\":\"https:\/\/foodbankscanada.ca\/fr\/author\/ciara-healyfoodbankscanada-ca\/\"}]}<\/script>\n<!-- \/ Yoast SEO Premium plugin. -->","yoast_head_json":{"title":"Projecteur du banquier alimentaire\u00a0\u2013 Terri Smith - Banques alimentaires Canada","robots":{"index":"index","follow":"follow","max-snippet":"max-snippet:-1","max-image-preview":"max-image-preview:large","max-video-preview":"max-video-preview:-1"},"canonical":"https:\/\/foodbankscanada.ca\/fr\/projecteur-du-banquier-alimentaire-terri-smith\/","og_locale":"fr_CA","og_type":"article","og_title":"Projecteur du banquier alimentaire\u00a0\u2013 Terri Smith","og_description":"Nous sommes toujours int\u00e9ress\u00e9s \u00e0 en savoir plus sur les individus dans les banques alimentaires \u00e0 travers le Canada! Ce mois-ci, nos projecteurs sont braqu\u00e9s sur\u00a0Terri Smith, directrice des op\u00e9rations \u00e0 la banque alimentaire de Moose Jaw et du district. Quel est votre r\u00f4le dans le r\u00e9seau des banques alimentaires?J\u2019ai commenc\u00e9 \u00e0 travailler \u00e0 la...","og_url":"https:\/\/foodbankscanada.ca\/fr\/projecteur-du-banquier-alimentaire-terri-smith\/","og_site_name":"Banques alimentaires Canada","article_published_time":"2024-03-04T16:18:02+00:00","article_modified_time":"2024-03-04T16:21:16+00:00","og_image":[{"width":3338,"height":1251,"url":"https:\/\/content.foodbankscanada.ca\/wordpress\/2022\/03\/Spotlight_Banner_2019_FR.png","type":"image\/png"}],"author":"Ciara Healy","twitter_card":"summary_large_image","twitter_misc":{"Written by":"Ciara Healy","Est. reading time":"2 minutes"},"schema":{"@context":"https:\/\/schema.org","@graph":[{"@type":"Article","@id":"https:\/\/foodbankscanada.ca\/fr\/projecteur-du-banquier-alimentaire-terri-smith\/#article","isPartOf":{"@id":"https:\/\/foodbankscanada.ca\/fr\/projecteur-du-banquier-alimentaire-terri-smith\/"},"author":{"name":"Ciara Healy","@id":"https:\/\/foodbankscanada.ca\/fr\/#\/schema\/person\/b1b39e37746390fdec5462000751963a"},"headline":"Projecteur du banquier alimentaire\u00a0\u2013 Terri Smith","datePublished":"2024-03-04T16:18:02+00:00","dateModified":"2024-03-04T16:21:16+00:00","mainEntityOfPage":{"@id":"https:\/\/foodbankscanada.ca\/fr\/projecteur-du-banquier-alimentaire-terri-smith\/"},"wordCount":475,"publisher":{"@id":"https:\/\/foodbankscanada.ca\/fr\/#organization"},"image":{"@id":"https:\/\/foodbankscanada.ca\/fr\/projecteur-du-banquier-alimentaire-terri-smith\/#primaryimage"},"thumbnailUrl":"https:\/\/content.foodbankscanada.ca\/wordpress\/2022\/03\/Spotlight_Banner_2019_FR.png","articleSection":["Non classifi\u00e9(e)"],"inLanguage":"fr-CA"},{"@type":"WebPage","@id":"https:\/\/foodbankscanada.ca\/fr\/projecteur-du-banquier-alimentaire-terri-smith\/","url":"https:\/\/foodbankscanada.ca\/fr\/projecteur-du-banquier-alimentaire-terri-smith\/","name":"Projecteur du banquier alimentaire\u00a0\u2013 Terri Smith - Banques alimentaires Canada","isPartOf":{"@id":"https:\/\/foodbankscanada.ca\/fr\/#website"},"primaryImageOfPage":{"@id":"https:\/\/foodbankscanada.ca\/fr\/projecteur-du-banquier-alimentaire-terri-smith\/#primaryimage"},"image":{"@id":"https:\/\/foodbankscanada.ca\/fr\/projecteur-du-banquier-alimentaire-terri-smith\/#primaryimage"},"thumbnailUrl":"https:\/\/content.foodbankscanada.ca\/wordpress\/2022\/03\/Spotlight_Banner_2019_FR.png","datePublished":"2024-03-04T16:18:02+00:00","dateModified":"2024-03-04T16:21:16+00:00","breadcrumb":{"@id":"https:\/\/foodbankscanada.ca\/fr\/projecteur-du-banquier-alimentaire-terri-smith\/#breadcrumb"},"inLanguage":"fr-CA","potentialAction":[{"@type":"ReadAction","target":["https:\/\/foodbankscanada.ca\/fr\/projecteur-du-banquier-alimentaire-terri-smith\/"]}]},{"@type":"ImageObject","inLanguage":"fr-CA","@id":"https:\/\/foodbankscanada.ca\/fr\/projecteur-du-banquier-alimentaire-terri-smith\/#primaryimage","url":"https:\/\/content.foodbankscanada.ca\/wordpress\/2022\/03\/Spotlight_Banner_2019_FR.png","contentUrl":"https:\/\/content.foodbankscanada.ca\/wordpress\/2022\/03\/Spotlight_Banner_2019_FR.png","width":3338,"height":1251},{"@type":"BreadcrumbList","@id":"https:\/\/foodbankscanada.ca\/fr\/projecteur-du-banquier-alimentaire-terri-smith\/#breadcrumb","itemListElement":[{"@type":"ListItem","position":1,"name":"Accueil","item":"https:\/\/foodbankscanada.ca\/fr\/"},{"@type":"ListItem","position":2,"name":"Projecteur du banquier alimentaire\u00a0\u2013 Terri Smith"}]},{"@type":"WebSite","@id":"https:\/\/foodbankscanada.ca\/fr\/#website","url":"https:\/\/foodbankscanada.ca\/fr\/","name":"Banques alimentaires Canada","description":"","publisher":{"@id":"https:\/\/foodbankscanada.ca\/fr\/#organization"},"potentialAction":[{"@type":"SearchAction","target":{"@type":"EntryPoint","urlTemplate":"https:\/\/foodbankscanada.ca\/fr\/?s={search_term_string}"},"query-input":{"@type":"PropertyValueSpecification","valueRequired":true,"valueName":"search_term_string"}}],"inLanguage":"fr-CA"},{"@type":"Organization","@id":"https:\/\/foodbankscanada.ca\/fr\/#organization","name":"Food Banks Canada","url":"https:\/\/foodbankscanada.ca\/fr\/","logo":{"@type":"ImageObject","inLanguage":"fr-CA","@id":"https:\/\/foodbankscanada.ca\/fr\/#\/schema\/logo\/image\/","url":"https:\/\/fbcblobstorage.blob.core.windows.net\/wordpress\/2021\/11\/logo.png","contentUrl":"https:\/\/fbcblobstorage.blob.core.windows.net\/wordpress\/2021\/11\/logo.png","width":377,"height":89,"caption":"Food Banks Canada"},"image":{"@id":"https:\/\/foodbankscanada.ca\/fr\/#\/schema\/logo\/image\/"}},{"@type":"Person","@id":"https:\/\/foodbankscanada.ca\/fr\/#\/schema\/person\/b1b39e37746390fdec5462000751963a","name":"Ciara Healy","image":{"@type":"ImageObject","inLanguage":"fr-CA","@id":"https:\/\/foodbankscanada.ca\/fr\/#\/schema\/person\/image\/","url":"https:\/\/secure.gravatar.com\/avatar\/27a17fc71ec7ebffd80f423691307af31979125d37c2ee0ca4234cf312113ab5?s=96&d=mm&r=g","contentUrl":"https:\/\/secure.gravatar.com\/avatar\/27a17fc71ec7ebffd80f423691307af31979125d37c2ee0ca4234cf312113ab5?s=96&d=mm&r=g","caption":"Ciara Healy"},"url":"https:\/\/foodbankscanada.ca\/fr\/author\/ciara-healyfoodbankscanada-ca\/"}]}},"_links":{"self":[{"href":"https:\/\/foodbankscanada.ca\/fr\/wp-json\/wp\/v2\/posts\/31351","targetHints":{"allow":["GET"]}}],"collection":[{"href":"https:\/\/foodbankscanada.ca\/fr\/wp-json\/wp\/v2\/posts"}],"about":[{"href":"https:\/\/foodbankscanada.ca\/fr\/wp-json\/wp\/v2\/types\/post"}],"author":[{"embeddable":true,"href":"https:\/\/foodbankscanada.ca\/fr\/wp-json\/wp\/v2\/users\/26"}],"replies":[{"embeddable":true,"href":"https:\/\/foodbankscanada.ca\/fr\/wp-json\/wp\/v2\/comments?post=31351"}],"version-history":[{"count":4,"href":"https:\/\/foodbankscanada.ca\/fr\/wp-json\/wp\/v2\/posts\/31351\/revisions"}],"predecessor-version":[{"id":31360,"href":"https:\/\/foodbankscanada.ca\/fr\/wp-json\/wp\/v2\/posts\/31351\/revisions\/31360"}],"wp:featuredmedia":[{"embeddable":true,"href":"https:\/\/foodbankscanada.ca\/fr\/wp-json\/wp\/v2\/media\/10002"}],"wp:attachment":[{"href":"https:\/\/foodbankscanada.ca\/fr\/wp-json\/wp\/v2\/media?parent=31351"}],"wp:term":[{"taxonomy":"category","embeddable":true,"href":"https:\/\/foodbankscanada.ca\/fr\/wp-json\/wp\/v2\/categories?post=31351"},{"taxonomy":"post_tag","embeddable":true,"href":"https:\/\/foodbankscanada.ca\/fr\/wp-json\/wp\/v2\/tags?post=31351"}],"curies":[{"name":"wp","href":"https:\/\/api.w.org\/{rel}","templated":true}]}}