{"id":26774,"date":"2023-10-04T16:06:57","date_gmt":"2023-10-04T20:06:57","guid":{"rendered":"https:\/\/foodbankscanada.ca\/?p=26774"},"modified":"2023-10-04T16:07:02","modified_gmt":"2023-10-04T20:07:02","slug":"projecteur-du-banquier-alimentaire-alex-noreau","status":"publish","type":"post","link":"https:\/\/foodbankscanada.ca\/fr\/projecteur-du-banquier-alimentaire-alex-noreau\/","title":{"rendered":"Projecteur du banquier alimentaire \u2013\u00a0Alex Noreau"},"content":{"rendered":"\n<p>Nous sommes toujours int\u00e9ress\u00e9s \u00e0 en savoir plus sur les individus dans les banques alimentaires \u00e0 travers le Canada! Ce mois-ci, nos projecteurs sont braqu\u00e9s sur Alex Noreau, qui est le Responsable, communications et d\u00e9fense des int\u00e9r\u00eats \u00e0 la Banque alimentaire d&#8217;Ottawa. <\/p>\n\n\n\n<figure class=\"wp-block-image aligncenter size-large is-resized\"><img loading=\"lazy\" decoding=\"async\" src=\"https:\/\/content.foodbankscanada.ca\/wordpress\/2023\/10\/Alex-Headshot-1024x1024.png\" alt=\"\" class=\"wp-image-26772\" style=\"width:265px;height:265px\" width=\"265\" height=\"265\" srcset=\"https:\/\/content.foodbankscanada.ca\/wordpress\/2023\/10\/Alex-Headshot-1024x1024.png 1024w, https:\/\/content.foodbankscanada.ca\/wordpress\/2023\/10\/Alex-Headshot-300x300.png 300w, https:\/\/content.foodbankscanada.ca\/wordpress\/2023\/10\/Alex-Headshot-150x150.png 150w, https:\/\/content.foodbankscanada.ca\/wordpress\/2023\/10\/Alex-Headshot-768x768.png 768w, https:\/\/content.foodbankscanada.ca\/wordpress\/2023\/10\/Alex-Headshot.png 1080w\" sizes=\"auto, (max-width: 265px) 100vw, 265px\" \/><\/figure>\n\n\n\n<p><strong>Quel est votre r\u00f4le dans le r\u00e9seau des banques alimentaires?<\/strong><\/p>\n\n\n\n<p>Je travaille \u00e0 la Banque d\u2019alimentation d\u2019Ottawa \u00e0 titre d\u2019agente des communications et de la d\u00e9fense des int\u00e9r\u00eats.<\/p>\n\n\n\n<p><strong>Quel pronom utilisez-vous?<\/strong><\/p>\n\n\n\n<p>Elle<\/p>\n\n\n\n<p><strong>D\u00e9crivez en un mot votre journ\u00e9e de travail typique.&nbsp;<\/strong><br>Dynamique<\/p>\n\n\n\n<p><strong>Qu\u2019est-ce qui vous a motiv\u00e9e \u00e0 travailler dans les banques alimentaires?<\/strong><\/p>\n\n\n\n<p>Ma motivation \u00e0 travailler dans les banques alimentaires d\u00e9coule du lien profond que j\u2019entretiens avec l\u2019engagement communautaire, et de ma passion pour la narration et la culture DIY (faites-le vous-m\u00eame). J\u2019ai \u00e9t\u00e9 anim\u00e9e d\u2019un d\u00e9sir irr\u00e9sistible de faire partie d\u2019une \u00e9quipe qui cherche activement \u00e0 op\u00e9rer un changement collaboratif. Je consid\u00e8re que la Banque d\u2019alimentation d\u2019Ottawa incarne ces principes, particuli\u00e8rement par son engagement communautaire riche. Chaque jour, l\u2019occasion de travailler aux c\u00f4t\u00e9s d\u2019un r\u00e9seau aussi incroyable qui se consacre \u00e0 avoir une incidence positive gr\u00e2ce aux banques alimentaires m\u2019inspire profond\u00e9ment.<\/p>\n\n\n\n<p><strong>Quelle est votre plus grande r\u00e9alisation dans vos pr\u00e9sentes fonctions?<\/strong><\/p>\n\n\n\n<p>Ma plus grande r\u00e9alisation dans mes fonctions actuelles est d\u2019avoir cr\u00e9\u00e9 des relations de confiance solides qui ont men\u00e9 \u00e0 de nouveaux partenariats et nous aident \u00e0 r\u00e9aliser notre mission.<\/p>\n\n\n\n<p><strong>Quel est le plus grand d\u00e9fi au sein de vos fonctions?<\/strong><\/p>\n\n\n\n<p>Il n\u2019y a pas assez d\u2019heures dans une journ\u00e9e!<\/p>\n\n\n\n<p><strong>Si vous pouviez faire un seul v\u0153u pour r\u00e9gler le probl\u00e8me de la faim au Canada, quel serait-il?<\/strong><\/p>\n\n\n\n<p>Un. Revenu. Suffisant. Pour. Tous.<\/p>\n\n\n\n<p><strong>Quel talent aimeriez-vous le plus avoir?<\/strong><\/p>\n\n\n\n<p>J\u2019aimerais savoir bien jouer d\u2019un instrument de musique. Quel talent!<\/p>\n\n\n\n<p><strong>Si vous pouviez remonter le temps et vous donner un conseil \u00e0 vous-m\u00eame, quel serait-il?<\/strong><\/p>\n\n\n\n<p>Accueille le changement et ne te soucie pas autant de l\u2019avenir. La normalit\u00e9 n\u2019existe pas.<\/p>\n\n\n\n<p><strong>Qui sont vos h\u00e9ros? (r\u00e9els ou fictifs)<\/strong><\/p>\n\n\n\n<p>J\u2019ai de la chance; je travaille avec certains d\u2019entre eux!<\/p>\n\n\n\n<p><strong>Quelle est votre conception du bonheur?<\/strong><\/p>\n\n\n\n<p>Quand l\u2019esprit, le c\u0153ur et le corps sont en paix.<\/p>\n\n\n\n<p><strong>Quelle est votre devise?<\/strong><\/p>\n\n\n\n<p>On m\u2019entend souvent m\u2019exclamer\u00a0: \u00ab\u00a0<em>let\u2019s goo!<\/em>\u00a0\u00bb.<\/p>\n\n\n\n<p><strong>Quelle chanson vous repr\u00e9sente le mieux?<\/strong><\/p>\n\n\n\n<p>La chanson <em>Mystery<\/em> de Turnstile m\u2019interpelle vraiment. Chaque fois qu\u2019elle joue, je ne peux m\u2019emp\u00eacher de penser \u00e0 la beaut\u00e9 d\u2019explorer l\u2019inconnu, d\u2019y trouver la s\u00e9r\u00e9nit\u00e9 et d\u2019embrasser la magie illimit\u00e9e qui vient de l\u2019ouverture aux perspectives des autres. C\u2019est une chanson entra\u00eenante de deux\u00a0minutes qui rend hommage aux myst\u00e8res sans fin de l\u2019univers!<br><\/p>\n\n\n\n<p><strong>Vous connaissez une banque alimentaire ou un membre du r\u00e9seau que nous pourrions pr\u00e9senter dans le prochain Coup de projecteur? \u00c9crivez-nous \u00e0 <a href=\"mailto:communications@foodbankscanada.ca\">communications@foodbankscanada.ca<\/a>.<\/strong><\/p>\n","protected":false},"excerpt":{"rendered":"<p>Nous sommes toujours int\u00e9ress\u00e9s \u00e0 en savoir plus sur les individus dans les banques alimentaires \u00e0 travers le Canada! Ce mois-ci, nos projecteurs sont braqu\u00e9s sur Alex Noreau, qui est le Responsable, communications et d\u00e9fense des int\u00e9r\u00eats \u00e0 la Banque alimentaire d&#8217;Ottawa. Quel est votre r\u00f4le dans le r\u00e9seau des banques alimentaires? Je travaille \u00e0&#8230;<\/p>\n","protected":false},"author":26,"featured_media":10002,"comment_status":"closed","ping_status":"open","sticky":false,"template":"","format":"standard","meta":{"_acf_changed":false,"footnotes":""},"categories":[6],"tags":[],"class_list":["post-26774","post","type-post","status-publish","format-standard","has-post-thumbnail","hentry","category-non-classifiee"],"acf":[],"yoast_head":"<!-- This site is optimized with the Yoast SEO Premium plugin v26.9 (Yoast SEO v26.9) - https:\/\/yoast.com\/product\/yoast-seo-premium-wordpress\/ -->\n<title>Projecteur du banquier alimentaire \u2013\u00a0Alex Noreau - Banques alimentaires Canada<\/title>\n<meta name=\"robots\" content=\"index, follow, max-snippet:-1, max-image-preview:large, max-video-preview:-1\" \/>\n<link rel=\"canonical\" href=\"https:\/\/foodbankscanada.ca\/fr\/projecteur-du-banquier-alimentaire-alex-noreau\/\" \/>\n<meta property=\"og:locale\" content=\"fr_CA\" \/>\n<meta property=\"og:type\" content=\"article\" \/>\n<meta property=\"og:title\" content=\"Projecteur du banquier alimentaire \u2013\u00a0Alex Noreau\" \/>\n<meta property=\"og:description\" content=\"Nous sommes toujours int\u00e9ress\u00e9s \u00e0 en savoir plus sur les individus dans les banques alimentaires \u00e0 travers le Canada! Ce mois-ci, nos projecteurs sont braqu\u00e9s sur Alex Noreau, qui est le Responsable, communications et d\u00e9fense des int\u00e9r\u00eats \u00e0 la Banque alimentaire d&#8217;Ottawa. Quel est votre r\u00f4le dans le r\u00e9seau des banques alimentaires? Je travaille \u00e0...\" \/>\n<meta property=\"og:url\" content=\"https:\/\/foodbankscanada.ca\/fr\/projecteur-du-banquier-alimentaire-alex-noreau\/\" \/>\n<meta property=\"og:site_name\" content=\"Banques alimentaires Canada\" \/>\n<meta property=\"article:published_time\" content=\"2023-10-04T20:06:57+00:00\" \/>\n<meta property=\"article:modified_time\" content=\"2023-10-04T20:07:02+00:00\" \/>\n<meta property=\"og:image\" content=\"https:\/\/content.foodbankscanada.ca\/wordpress\/2022\/03\/Spotlight_Banner_2019_FR.png\" \/>\n\t<meta property=\"og:image:width\" content=\"3338\" \/>\n\t<meta property=\"og:image:height\" content=\"1251\" \/>\n\t<meta property=\"og:image:type\" content=\"image\/png\" \/>\n<meta name=\"author\" content=\"Ciara Healy\" \/>\n<meta name=\"twitter:card\" content=\"summary_large_image\" \/>\n<meta name=\"twitter:label1\" content=\"Written by\" \/>\n\t<meta name=\"twitter:data1\" content=\"Ciara Healy\" \/>\n\t<meta name=\"twitter:label2\" content=\"Est. reading time\" \/>\n\t<meta name=\"twitter:data2\" content=\"3 minutes\" \/>\n<script type=\"application\/ld+json\" class=\"yoast-schema-graph\">{\"@context\":\"https:\/\/schema.org\",\"@graph\":[{\"@type\":\"Article\",\"@id\":\"https:\/\/foodbankscanada.ca\/fr\/projecteur-du-banquier-alimentaire-alex-noreau\/#article\",\"isPartOf\":{\"@id\":\"https:\/\/foodbankscanada.ca\/fr\/projecteur-du-banquier-alimentaire-alex-noreau\/\"},\"author\":{\"name\":\"Ciara Healy\",\"@id\":\"https:\/\/foodbankscanada.ca\/fr\/#\/schema\/person\/b1b39e37746390fdec5462000751963a\"},\"headline\":\"Projecteur du banquier alimentaire \u2013\u00a0Alex Noreau\",\"datePublished\":\"2023-10-04T20:06:57+00:00\",\"dateModified\":\"2023-10-04T20:07:02+00:00\",\"mainEntityOfPage\":{\"@id\":\"https:\/\/foodbankscanada.ca\/fr\/projecteur-du-banquier-alimentaire-alex-noreau\/\"},\"wordCount\":523,\"publisher\":{\"@id\":\"https:\/\/foodbankscanada.ca\/fr\/#organization\"},\"image\":{\"@id\":\"https:\/\/foodbankscanada.ca\/fr\/projecteur-du-banquier-alimentaire-alex-noreau\/#primaryimage\"},\"thumbnailUrl\":\"https:\/\/content.foodbankscanada.ca\/wordpress\/2022\/03\/Spotlight_Banner_2019_FR.png\",\"articleSection\":[\"Non classifi\u00e9(e)\"],\"inLanguage\":\"fr-CA\"},{\"@type\":\"WebPage\",\"@id\":\"https:\/\/foodbankscanada.ca\/fr\/projecteur-du-banquier-alimentaire-alex-noreau\/\",\"url\":\"https:\/\/foodbankscanada.ca\/fr\/projecteur-du-banquier-alimentaire-alex-noreau\/\",\"name\":\"Projecteur du banquier alimentaire \u2013\u00a0Alex Noreau - Banques alimentaires Canada\",\"isPartOf\":{\"@id\":\"https:\/\/foodbankscanada.ca\/fr\/#website\"},\"primaryImageOfPage\":{\"@id\":\"https:\/\/foodbankscanada.ca\/fr\/projecteur-du-banquier-alimentaire-alex-noreau\/#primaryimage\"},\"image\":{\"@id\":\"https:\/\/foodbankscanada.ca\/fr\/projecteur-du-banquier-alimentaire-alex-noreau\/#primaryimage\"},\"thumbnailUrl\":\"https:\/\/content.foodbankscanada.ca\/wordpress\/2022\/03\/Spotlight_Banner_2019_FR.png\",\"datePublished\":\"2023-10-04T20:06:57+00:00\",\"dateModified\":\"2023-10-04T20:07:02+00:00\",\"breadcrumb\":{\"@id\":\"https:\/\/foodbankscanada.ca\/fr\/projecteur-du-banquier-alimentaire-alex-noreau\/#breadcrumb\"},\"inLanguage\":\"fr-CA\",\"potentialAction\":[{\"@type\":\"ReadAction\",\"target\":[\"https:\/\/foodbankscanada.ca\/fr\/projecteur-du-banquier-alimentaire-alex-noreau\/\"]}]},{\"@type\":\"ImageObject\",\"inLanguage\":\"fr-CA\",\"@id\":\"https:\/\/foodbankscanada.ca\/fr\/projecteur-du-banquier-alimentaire-alex-noreau\/#primaryimage\",\"url\":\"https:\/\/content.foodbankscanada.ca\/wordpress\/2022\/03\/Spotlight_Banner_2019_FR.png\",\"contentUrl\":\"https:\/\/content.foodbankscanada.ca\/wordpress\/2022\/03\/Spotlight_Banner_2019_FR.png\",\"width\":3338,\"height\":1251},{\"@type\":\"BreadcrumbList\",\"@id\":\"https:\/\/foodbankscanada.ca\/fr\/projecteur-du-banquier-alimentaire-alex-noreau\/#breadcrumb\",\"itemListElement\":[{\"@type\":\"ListItem\",\"position\":1,\"name\":\"Accueil\",\"item\":\"https:\/\/foodbankscanada.ca\/fr\/\"},{\"@type\":\"ListItem\",\"position\":2,\"name\":\"Projecteur du banquier alimentaire \u2013\u00a0Alex Noreau\"}]},{\"@type\":\"WebSite\",\"@id\":\"https:\/\/foodbankscanada.ca\/fr\/#website\",\"url\":\"https:\/\/foodbankscanada.ca\/fr\/\",\"name\":\"Banques alimentaires Canada\",\"description\":\"\",\"publisher\":{\"@id\":\"https:\/\/foodbankscanada.ca\/fr\/#organization\"},\"potentialAction\":[{\"@type\":\"SearchAction\",\"target\":{\"@type\":\"EntryPoint\",\"urlTemplate\":\"https:\/\/foodbankscanada.ca\/fr\/?s={search_term_string}\"},\"query-input\":{\"@type\":\"PropertyValueSpecification\",\"valueRequired\":true,\"valueName\":\"search_term_string\"}}],\"inLanguage\":\"fr-CA\"},{\"@type\":\"Organization\",\"@id\":\"https:\/\/foodbankscanada.ca\/fr\/#organization\",\"name\":\"Food Banks Canada\",\"url\":\"https:\/\/foodbankscanada.ca\/fr\/\",\"logo\":{\"@type\":\"ImageObject\",\"inLanguage\":\"fr-CA\",\"@id\":\"https:\/\/foodbankscanada.ca\/fr\/#\/schema\/logo\/image\/\",\"url\":\"https:\/\/fbcblobstorage.blob.core.windows.net\/wordpress\/2021\/11\/logo.png\",\"contentUrl\":\"https:\/\/fbcblobstorage.blob.core.windows.net\/wordpress\/2021\/11\/logo.png\",\"width\":377,\"height\":89,\"caption\":\"Food Banks Canada\"},\"image\":{\"@id\":\"https:\/\/foodbankscanada.ca\/fr\/#\/schema\/logo\/image\/\"}},{\"@type\":\"Person\",\"@id\":\"https:\/\/foodbankscanada.ca\/fr\/#\/schema\/person\/b1b39e37746390fdec5462000751963a\",\"name\":\"Ciara Healy\",\"image\":{\"@type\":\"ImageObject\",\"inLanguage\":\"fr-CA\",\"@id\":\"https:\/\/foodbankscanada.ca\/fr\/#\/schema\/person\/image\/\",\"url\":\"https:\/\/secure.gravatar.com\/avatar\/27a17fc71ec7ebffd80f423691307af31979125d37c2ee0ca4234cf312113ab5?s=96&d=mm&r=g\",\"contentUrl\":\"https:\/\/secure.gravatar.com\/avatar\/27a17fc71ec7ebffd80f423691307af31979125d37c2ee0ca4234cf312113ab5?s=96&d=mm&r=g\",\"caption\":\"Ciara Healy\"},\"url\":\"https:\/\/foodbankscanada.ca\/fr\/author\/ciara-healyfoodbankscanada-ca\/\"}]}<\/script>\n<!-- \/ Yoast SEO Premium plugin. -->","yoast_head_json":{"title":"Projecteur du banquier alimentaire \u2013\u00a0Alex Noreau - Banques alimentaires Canada","robots":{"index":"index","follow":"follow","max-snippet":"max-snippet:-1","max-image-preview":"max-image-preview:large","max-video-preview":"max-video-preview:-1"},"canonical":"https:\/\/foodbankscanada.ca\/fr\/projecteur-du-banquier-alimentaire-alex-noreau\/","og_locale":"fr_CA","og_type":"article","og_title":"Projecteur du banquier alimentaire \u2013\u00a0Alex Noreau","og_description":"Nous sommes toujours int\u00e9ress\u00e9s \u00e0 en savoir plus sur les individus dans les banques alimentaires \u00e0 travers le Canada! Ce mois-ci, nos projecteurs sont braqu\u00e9s sur Alex Noreau, qui est le Responsable, communications et d\u00e9fense des int\u00e9r\u00eats \u00e0 la Banque alimentaire d&#8217;Ottawa. Quel est votre r\u00f4le dans le r\u00e9seau des banques alimentaires? Je travaille \u00e0...","og_url":"https:\/\/foodbankscanada.ca\/fr\/projecteur-du-banquier-alimentaire-alex-noreau\/","og_site_name":"Banques alimentaires Canada","article_published_time":"2023-10-04T20:06:57+00:00","article_modified_time":"2023-10-04T20:07:02+00:00","og_image":[{"width":3338,"height":1251,"url":"https:\/\/content.foodbankscanada.ca\/wordpress\/2022\/03\/Spotlight_Banner_2019_FR.png","type":"image\/png"}],"author":"Ciara Healy","twitter_card":"summary_large_image","twitter_misc":{"Written by":"Ciara Healy","Est. reading time":"3 minutes"},"schema":{"@context":"https:\/\/schema.org","@graph":[{"@type":"Article","@id":"https:\/\/foodbankscanada.ca\/fr\/projecteur-du-banquier-alimentaire-alex-noreau\/#article","isPartOf":{"@id":"https:\/\/foodbankscanada.ca\/fr\/projecteur-du-banquier-alimentaire-alex-noreau\/"},"author":{"name":"Ciara Healy","@id":"https:\/\/foodbankscanada.ca\/fr\/#\/schema\/person\/b1b39e37746390fdec5462000751963a"},"headline":"Projecteur du banquier alimentaire \u2013\u00a0Alex Noreau","datePublished":"2023-10-04T20:06:57+00:00","dateModified":"2023-10-04T20:07:02+00:00","mainEntityOfPage":{"@id":"https:\/\/foodbankscanada.ca\/fr\/projecteur-du-banquier-alimentaire-alex-noreau\/"},"wordCount":523,"publisher":{"@id":"https:\/\/foodbankscanada.ca\/fr\/#organization"},"image":{"@id":"https:\/\/foodbankscanada.ca\/fr\/projecteur-du-banquier-alimentaire-alex-noreau\/#primaryimage"},"thumbnailUrl":"https:\/\/content.foodbankscanada.ca\/wordpress\/2022\/03\/Spotlight_Banner_2019_FR.png","articleSection":["Non classifi\u00e9(e)"],"inLanguage":"fr-CA"},{"@type":"WebPage","@id":"https:\/\/foodbankscanada.ca\/fr\/projecteur-du-banquier-alimentaire-alex-noreau\/","url":"https:\/\/foodbankscanada.ca\/fr\/projecteur-du-banquier-alimentaire-alex-noreau\/","name":"Projecteur du banquier alimentaire \u2013\u00a0Alex Noreau - Banques alimentaires Canada","isPartOf":{"@id":"https:\/\/foodbankscanada.ca\/fr\/#website"},"primaryImageOfPage":{"@id":"https:\/\/foodbankscanada.ca\/fr\/projecteur-du-banquier-alimentaire-alex-noreau\/#primaryimage"},"image":{"@id":"https:\/\/foodbankscanada.ca\/fr\/projecteur-du-banquier-alimentaire-alex-noreau\/#primaryimage"},"thumbnailUrl":"https:\/\/content.foodbankscanada.ca\/wordpress\/2022\/03\/Spotlight_Banner_2019_FR.png","datePublished":"2023-10-04T20:06:57+00:00","dateModified":"2023-10-04T20:07:02+00:00","breadcrumb":{"@id":"https:\/\/foodbankscanada.ca\/fr\/projecteur-du-banquier-alimentaire-alex-noreau\/#breadcrumb"},"inLanguage":"fr-CA","potentialAction":[{"@type":"ReadAction","target":["https:\/\/foodbankscanada.ca\/fr\/projecteur-du-banquier-alimentaire-alex-noreau\/"]}]},{"@type":"ImageObject","inLanguage":"fr-CA","@id":"https:\/\/foodbankscanada.ca\/fr\/projecteur-du-banquier-alimentaire-alex-noreau\/#primaryimage","url":"https:\/\/content.foodbankscanada.ca\/wordpress\/2022\/03\/Spotlight_Banner_2019_FR.png","contentUrl":"https:\/\/content.foodbankscanada.ca\/wordpress\/2022\/03\/Spotlight_Banner_2019_FR.png","width":3338,"height":1251},{"@type":"BreadcrumbList","@id":"https:\/\/foodbankscanada.ca\/fr\/projecteur-du-banquier-alimentaire-alex-noreau\/#breadcrumb","itemListElement":[{"@type":"ListItem","position":1,"name":"Accueil","item":"https:\/\/foodbankscanada.ca\/fr\/"},{"@type":"ListItem","position":2,"name":"Projecteur du banquier alimentaire \u2013\u00a0Alex Noreau"}]},{"@type":"WebSite","@id":"https:\/\/foodbankscanada.ca\/fr\/#website","url":"https:\/\/foodbankscanada.ca\/fr\/","name":"Banques alimentaires Canada","description":"","publisher":{"@id":"https:\/\/foodbankscanada.ca\/fr\/#organization"},"potentialAction":[{"@type":"SearchAction","target":{"@type":"EntryPoint","urlTemplate":"https:\/\/foodbankscanada.ca\/fr\/?s={search_term_string}"},"query-input":{"@type":"PropertyValueSpecification","valueRequired":true,"valueName":"search_term_string"}}],"inLanguage":"fr-CA"},{"@type":"Organization","@id":"https:\/\/foodbankscanada.ca\/fr\/#organization","name":"Food Banks Canada","url":"https:\/\/foodbankscanada.ca\/fr\/","logo":{"@type":"ImageObject","inLanguage":"fr-CA","@id":"https:\/\/foodbankscanada.ca\/fr\/#\/schema\/logo\/image\/","url":"https:\/\/fbcblobstorage.blob.core.windows.net\/wordpress\/2021\/11\/logo.png","contentUrl":"https:\/\/fbcblobstorage.blob.core.windows.net\/wordpress\/2021\/11\/logo.png","width":377,"height":89,"caption":"Food Banks Canada"},"image":{"@id":"https:\/\/foodbankscanada.ca\/fr\/#\/schema\/logo\/image\/"}},{"@type":"Person","@id":"https:\/\/foodbankscanada.ca\/fr\/#\/schema\/person\/b1b39e37746390fdec5462000751963a","name":"Ciara Healy","image":{"@type":"ImageObject","inLanguage":"fr-CA","@id":"https:\/\/foodbankscanada.ca\/fr\/#\/schema\/person\/image\/","url":"https:\/\/secure.gravatar.com\/avatar\/27a17fc71ec7ebffd80f423691307af31979125d37c2ee0ca4234cf312113ab5?s=96&d=mm&r=g","contentUrl":"https:\/\/secure.gravatar.com\/avatar\/27a17fc71ec7ebffd80f423691307af31979125d37c2ee0ca4234cf312113ab5?s=96&d=mm&r=g","caption":"Ciara Healy"},"url":"https:\/\/foodbankscanada.ca\/fr\/author\/ciara-healyfoodbankscanada-ca\/"}]}},"_links":{"self":[{"href":"https:\/\/foodbankscanada.ca\/fr\/wp-json\/wp\/v2\/posts\/26774","targetHints":{"allow":["GET"]}}],"collection":[{"href":"https:\/\/foodbankscanada.ca\/fr\/wp-json\/wp\/v2\/posts"}],"about":[{"href":"https:\/\/foodbankscanada.ca\/fr\/wp-json\/wp\/v2\/types\/post"}],"author":[{"embeddable":true,"href":"https:\/\/foodbankscanada.ca\/fr\/wp-json\/wp\/v2\/users\/26"}],"replies":[{"embeddable":true,"href":"https:\/\/foodbankscanada.ca\/fr\/wp-json\/wp\/v2\/comments?post=26774"}],"version-history":[{"count":1,"href":"https:\/\/foodbankscanada.ca\/fr\/wp-json\/wp\/v2\/posts\/26774\/revisions"}],"predecessor-version":[{"id":26775,"href":"https:\/\/foodbankscanada.ca\/fr\/wp-json\/wp\/v2\/posts\/26774\/revisions\/26775"}],"wp:featuredmedia":[{"embeddable":true,"href":"https:\/\/foodbankscanada.ca\/fr\/wp-json\/wp\/v2\/media\/10002"}],"wp:attachment":[{"href":"https:\/\/foodbankscanada.ca\/fr\/wp-json\/wp\/v2\/media?parent=26774"}],"wp:term":[{"taxonomy":"category","embeddable":true,"href":"https:\/\/foodbankscanada.ca\/fr\/wp-json\/wp\/v2\/categories?post=26774"},{"taxonomy":"post_tag","embeddable":true,"href":"https:\/\/foodbankscanada.ca\/fr\/wp-json\/wp\/v2\/tags?post=26774"}],"curies":[{"name":"wp","href":"https:\/\/api.w.org\/{rel}","templated":true}]}}