{"id":22930,"date":"2022-10-28T17:31:35","date_gmt":"2022-10-28T21:31:35","guid":{"rendered":"https:\/\/foodbankscanada.ca\/?p=22930"},"modified":"2023-05-05T15:05:35","modified_gmt":"2023-05-05T19:05:35","slug":"coup-de-projecteur-nicole-mountain","status":"publish","type":"post","link":"https:\/\/foodbankscanada.ca\/fr\/coup-de-projecteur-nicole-mountain\/","title":{"rendered":"Coup de projecteur \u2013\u00a0Nicole Mountain"},"content":{"rendered":"\n<p>Nous souhaitons toujours en apprendre davantage sur les personnes qui travaillent dans les banques alimentaires du Canada! Ce mois-ci, nous braquons les projecteurs sur Nicole Mountain de The Upper Room Hospitality Ministry Inc. \u00e0 Charlottetown.<\/p>\n\n\n\n<figure class=\"wp-block-image aligncenter size-full\"><img loading=\"lazy\" decoding=\"async\" width=\"500\" height=\"489\" src=\"https:\/\/content.foodbankscanada.ca\/wordpress\/2023\/05\/nicole_mountain.png\" alt=\"\" class=\"wp-image-24257\" srcset=\"https:\/\/content.foodbankscanada.ca\/wordpress\/2023\/05\/nicole_mountain.png 500w, https:\/\/content.foodbankscanada.ca\/wordpress\/2023\/05\/nicole_mountain-300x293.png 300w\" sizes=\"auto, (max-width: 500px) 100vw, 500px\" \/><\/figure>\n\n\n\n<p><strong>Quel est votre r\u00f4le dans le r\u00e9seau des banques alimentaires? <\/strong><strong><\/strong><\/p>\n\n\n\n<p>Je suis coordonnatrice des communications et du marketing chez The Upper Room Hospitality Ministry Inc. \u00e0 Charlottetown (\u00cele-du-Prince-\u00c9douard).<\/p>\n\n\n\n<p><strong>D\u00e9crivez en un mot votre journ\u00e9e de travail typique.&nbsp; <\/strong><strong><\/strong><\/p>\n\n\n\n<p>Action.<\/p>\n\n\n\n<p><strong>Qu\u2019est-ce qui vous a motiv\u00e9e \u00e0 travailler dans les banques alimentaires?<\/strong><strong><\/strong><\/p>\n\n\n\n<p>J\u2019ai toujours \u00e9t\u00e9 attir\u00e9e par le travail \u00e0 but non lucratif et l\u2019aide aux autres dans mes fonctions pr\u00e9c\u00e9dentes. \u00c0 mes d\u00e9buts dans la banque alimentaire, j\u2019ignorais que je serais aussi heureuse de travailler ici et \u00e0 quel point j\u2019aurais envie d\u2019en faire plus. Je crois au travail des banques alimentaires et aux innovations qui peuvent y \u00eatre apport\u00e9es, et j\u2019aime trouver des fa\u00e7ons de faire progresser nos services. De plus, je me sens quotidiennement inspir\u00e9e par le travail des coll\u00e8gues et des b\u00e9n\u00e9voles. Je suis honor\u00e9e d\u2019\u00eatre en aussi bonne compagnie.<\/p>\n\n\n\n<p><strong>Quelle est votre plus grande r\u00e9alisation dans vos pr\u00e9sentes fonctions?<\/strong><strong><\/strong><\/p>\n\n\n\n<p>Je pense que ma plus belle r\u00e9alisation a \u00e9t\u00e9 de contribuer \u00e0 cr\u00e9er une culture de travail positive. Il m\u2019importe grandement de savoir que les gens sont heureux \u00e0 l\u2019id\u00e9e de travailler ici chaque jour. Je tiens \u00e0 ce que le personnel se sente engag\u00e9 et fier d\u2019appartenir \u00e0 l\u2019\u00e9quipe. Je crois qu\u2019en \u00e9tant gentils et respectueux entre nous, nous pr\u00eachons par l\u2019exemple et cr\u00e9ons une culture de travail qui nous permet d\u2019offrir un service de qualit\u00e9 aux autres.<\/p>\n\n\n\n<p><strong>Quel est le plus grand d\u00e9fi au sein de vos fonctions? <\/strong><strong><\/strong><\/p>\n\n\n\n<p>Mon plus grand d\u00e9fi est de sensibiliser le public \u00e0 l\u2019\u00e9gard des banques alimentaires et d\u2019\u00e9liminer tant les pr\u00e9jug\u00e9s envers les personnes qui ont besoin de nos services que les obstacles qui les emp\u00eachent d\u2019y acc\u00e9der. Dans le cadre de mes fonctions, les campagnes sont toujours tr\u00e8s utiles pour que les gens visualisent notre travail et comprennent ce que nous faisons et pourquoi. Naturellement, c\u2019est plus complexe que cela, et aussi difficile que \u00e7a puisse \u00eatre, c\u2019est une des facettes de mon travail qui me donne envie de recommencer chaque matin.<\/p>\n\n\n\n<p><strong>Si vous pouviez faire un seul v\u0153u pour r\u00e9gler le probl\u00e8me de la faim au Canada, quel serait-il?<\/strong><strong><\/strong><\/p>\n\n\n\n<p>Il faudrait que notre industrie soit plus diversifi\u00e9e et que nous entendions toutes les voix. Nous savons que le ph\u00e9nom\u00e8ne de la faim n\u2019est pas uniquement un probl\u00e8me de nourriture. L\u2019an dernier, j\u2019ai suivi un cours sur la diversit\u00e9 intitul\u00e9 \u00ab&nbsp;Lead The Shift&nbsp;\u00bb (mener le changement), qui a vraiment transform\u00e9 la perception que j\u2019avais de mon impact en tant que femme blanche dans l\u2019industrie sans but lucratif. Je suis fi\u00e8re du travail que nous avons accompli \u00e0 The Upper Room et nous savons qu\u2019il faut poursuivre notre mission.<\/p>\n\n\n\n<p><strong>Quel talent aimeriez-vous le plus avoir? <\/strong><strong><\/strong><\/p>\n\n\n\n<p>J\u2019aimerais savoir comment jardiner et produire mes propres aliments. Avez-vous d\u00e9j\u00e0 go\u00fbt\u00e9 une tomate fra\u00eechement cueillie d\u2019un potager? Nous sommes tr\u00e8s heureux que des agriculteurs locaux donnent \u00e0 notre banque alimentaire. J\u2019aime toujours discuter avec eux, sentir leur passion et les entendre prodiguer des conseils \u00e0 propos des r\u00e9coltes. Cultiver mon jardin est l\u2019un de mes objectifs pour 2023!<\/p>\n\n\n\n<p><strong>Si vous pouviez remonter le temps et vous donner un conseil \u00e0 vous-m\u00eame, quel serait-il?<\/strong><strong><\/strong><\/p>\n\n\n\n<p>N\u2019ayez pas peur de dire oui, m\u00eame si vous ne croyez pas avoir tout compris. C\u2019est en surmontant cette peur et cette anxi\u00e9t\u00e9 que l\u2019on commence vraiment \u00e0 grandir.<\/p>\n\n\n\n<p>De plus, ceux qui croyaient que le bonheur s\u2019atteint sans adversit\u00e9 sont morts (je pense avoir entendu \u00e7a lors d\u2019une conversation TED et \u00e7a m\u2019a vraiment marqu\u00e9e). Nos erreurs ne sont pas fatales; il y a tellement de le\u00e7ons \u00e0 en tirer. Nos erreurs nous gardent responsables de nos actions, et nous permettent d\u2019apprendre et de devenir de meilleures personnes.<\/p>\n\n\n\n<p>Enfin, votre gentillesse est une force; alors ne craignez pas d\u2019\u00eatre gentil.<\/p>\n\n\n\n<p><strong>Qui sont vos h\u00e9ros (r\u00e9els ou fictifs)?<\/strong><strong><\/strong><\/p>\n\n\n\n<p>Mon h\u00e9ro\u00efne, c\u2019est ma m\u00e8re. Elle a fait face \u00e0 \u00e9norm\u00e9ment d\u2019adversit\u00e9 dans sa vie et elle a toujours r\u00e9ussi \u00e0 demeurer forte. Comme il est dit dans <em>Star&nbsp;Wars<\/em>, \u00ab&nbsp;la force est puissante en toi&nbsp;\u00bb. Eh bien, la force est puissante en elle. Si je pouvais \u00eatre le quart de ce qu\u2019elle a \u00e9t\u00e9, surtout envers mes deux enfants, ce serait incroyable.<\/p>\n\n\n\n<p><strong>Quelle est votre conception du bonheur? <\/strong><strong><\/strong><\/p>\n\n\n\n<p>&nbsp;Pour moi, c\u2019est ma famille; elle me rend si heureuse. Voir mon mari vivre son r\u00eave et mes enfants s\u2019\u00e9panouir est tout pour moi. Apr\u00e8s une longue semaine de travail, me lever un samedi matin, aller me chercher un caf\u00e9, faire une longue marche puis amener mes enfants au march\u00e9 fermier local, c\u2019est du pur bonheur. Surtout pendant les F\u00eates! J\u2019adore \u00e9couter de la musique de No\u00ebl en me rendant travail ou lors d\u2019une balade en voiture avec les miens. Le bonheur est fait de petites choses!<\/p>\n\n\n\n<p><strong>Quelle est votre devise?<\/strong><strong><\/strong><\/p>\n\n\n\n<p>La vie est une occasion \u00e0 saisir.<\/p>\n\n\n\n<p><strong>Apprenez-nous un fait inusit\u00e9 \u00e0 votre sujet.<\/strong><strong><\/strong><\/p>\n\n\n\n<p>Je suis obs\u00e9d\u00e9e par les f\u00eates&nbsp;: j\u2019aime l\u2019Halloween, No\u00ebl et les anniversaires (\u00e7a explique s\u00fbrement pourquoi j\u2019ai travaill\u00e9 en planification d\u2019\u00e9v\u00e9nements en d\u00e9but de carri\u00e8re). La vie est pr\u00e9cieuse, alors j\u2019adore f\u00eater chaque fois que je le peux. D\u00e8s le 12&nbsp;novembre, attendez-vous \u00e0 voir des d\u00e9corations et entendre de la musique de No\u00ebl chez moi!<\/p>\n\n\n\n<p><strong>Quelle chanson vous repr\u00e9sente le mieux?<\/strong><strong><\/strong><\/p>\n\n\n\n<p><em>Legends are Made <\/em>par Sam&nbsp;Tinnesz (je l\u2019ai entendue pour la premi\u00e8re fois dans le cours de kickboxing de mon fils. Je mets cette chanson quand je m\u2019entra\u00eene ou quand j\u2019ai besoin d\u2019un peu de courage pour entreprendre quelque chose).<\/p>\n\n\n\n<p><strong>Vous connaissez une banque alimentaire ou un membre du r\u00e9seau que nous pourrions pr\u00e9senter dans le prochain Coup de projecteur? \u00c9crivez-nous \u00e0 <a href=\"mailto:communications@foodbankscanada.ca\" target=\"_blank\" rel=\"noreferrer noopener\">communications@foodbankscanada.ca<\/a>.<\/strong><\/p>\n","protected":false},"excerpt":{"rendered":"<p>Nous souhaitons toujours en apprendre davantage sur les personnes qui travaillent dans les banques alimentaires du Canada! Ce mois-ci, nous braquons les projecteurs sur Nicole Mountain de The Upper Room Hospitality Ministry Inc. \u00e0 Charlottetown. Quel est votre r\u00f4le dans le r\u00e9seau des banques alimentaires? Je suis coordonnatrice des communications et du marketing chez The&#8230;<\/p>\n","protected":false},"author":16,"featured_media":10002,"comment_status":"closed","ping_status":"open","sticky":false,"template":"","format":"standard","meta":{"_acf_changed":false,"footnotes":""},"categories":[6],"tags":[],"class_list":["post-22930","post","type-post","status-publish","format-standard","has-post-thumbnail","hentry","category-non-classifiee"],"acf":[],"yoast_head":"<!-- This site is optimized with the Yoast SEO Premium plugin v26.9 (Yoast SEO v26.9) - https:\/\/yoast.com\/product\/yoast-seo-premium-wordpress\/ -->\n<title>Coup de projecteur \u2013\u00a0Nicole Mountain - Banques alimentaires Canada<\/title>\n<meta name=\"robots\" content=\"index, follow, max-snippet:-1, max-image-preview:large, max-video-preview:-1\" \/>\n<link rel=\"canonical\" href=\"https:\/\/foodbankscanada.ca\/fr\/coup-de-projecteur-nicole-mountain\/\" \/>\n<meta property=\"og:locale\" content=\"fr_CA\" \/>\n<meta property=\"og:type\" content=\"article\" \/>\n<meta property=\"og:title\" content=\"Coup de projecteur \u2013\u00a0Nicole Mountain\" \/>\n<meta property=\"og:description\" content=\"Nous souhaitons toujours en apprendre davantage sur les personnes qui travaillent dans les banques alimentaires du Canada! Ce mois-ci, nous braquons les projecteurs sur Nicole Mountain de The Upper Room Hospitality Ministry Inc. \u00e0 Charlottetown. Quel est votre r\u00f4le dans le r\u00e9seau des banques alimentaires? Je suis coordonnatrice des communications et du marketing chez The...\" \/>\n<meta property=\"og:url\" content=\"https:\/\/foodbankscanada.ca\/fr\/coup-de-projecteur-nicole-mountain\/\" \/>\n<meta property=\"og:site_name\" content=\"Banques alimentaires Canada\" \/>\n<meta property=\"article:published_time\" content=\"2022-10-28T21:31:35+00:00\" \/>\n<meta property=\"article:modified_time\" content=\"2023-05-05T19:05:35+00:00\" \/>\n<meta property=\"og:image\" content=\"https:\/\/content.foodbankscanada.ca\/wordpress\/2022\/03\/Spotlight_Banner_2019_FR.png\" \/>\n\t<meta property=\"og:image:width\" content=\"3338\" \/>\n\t<meta property=\"og:image:height\" content=\"1251\" \/>\n\t<meta property=\"og:image:type\" content=\"image\/png\" \/>\n<meta name=\"author\" content=\"Food Banks Canada\" \/>\n<meta name=\"twitter:card\" content=\"summary_large_image\" \/>\n<meta name=\"twitter:label1\" content=\"Written by\" \/>\n\t<meta name=\"twitter:data1\" content=\"Food Banks Canada\" \/>\n\t<meta name=\"twitter:label2\" content=\"Est. reading time\" \/>\n\t<meta name=\"twitter:data2\" content=\"5 minutes\" \/>\n<script type=\"application\/ld+json\" class=\"yoast-schema-graph\">{\"@context\":\"https:\/\/schema.org\",\"@graph\":[{\"@type\":\"Article\",\"@id\":\"https:\/\/foodbankscanada.ca\/fr\/coup-de-projecteur-nicole-mountain\/#article\",\"isPartOf\":{\"@id\":\"https:\/\/foodbankscanada.ca\/fr\/coup-de-projecteur-nicole-mountain\/\"},\"author\":{\"name\":\"Food Banks Canada\",\"@id\":\"https:\/\/foodbankscanada.ca\/fr\/#\/schema\/person\/30dee3822f743af7b7ea162a2cad3597\"},\"headline\":\"Coup de projecteur \u2013\u00a0Nicole Mountain\",\"datePublished\":\"2022-10-28T21:31:35+00:00\",\"dateModified\":\"2023-05-05T19:05:35+00:00\",\"mainEntityOfPage\":{\"@id\":\"https:\/\/foodbankscanada.ca\/fr\/coup-de-projecteur-nicole-mountain\/\"},\"wordCount\":1085,\"publisher\":{\"@id\":\"https:\/\/foodbankscanada.ca\/fr\/#organization\"},\"image\":{\"@id\":\"https:\/\/foodbankscanada.ca\/fr\/coup-de-projecteur-nicole-mountain\/#primaryimage\"},\"thumbnailUrl\":\"https:\/\/content.foodbankscanada.ca\/wordpress\/2022\/03\/Spotlight_Banner_2019_FR.png\",\"articleSection\":[\"Non classifi\u00e9(e)\"],\"inLanguage\":\"fr-CA\"},{\"@type\":\"WebPage\",\"@id\":\"https:\/\/foodbankscanada.ca\/fr\/coup-de-projecteur-nicole-mountain\/\",\"url\":\"https:\/\/foodbankscanada.ca\/fr\/coup-de-projecteur-nicole-mountain\/\",\"name\":\"Coup de projecteur \u2013\u00a0Nicole Mountain - Banques alimentaires Canada\",\"isPartOf\":{\"@id\":\"https:\/\/foodbankscanada.ca\/fr\/#website\"},\"primaryImageOfPage\":{\"@id\":\"https:\/\/foodbankscanada.ca\/fr\/coup-de-projecteur-nicole-mountain\/#primaryimage\"},\"image\":{\"@id\":\"https:\/\/foodbankscanada.ca\/fr\/coup-de-projecteur-nicole-mountain\/#primaryimage\"},\"thumbnailUrl\":\"https:\/\/content.foodbankscanada.ca\/wordpress\/2022\/03\/Spotlight_Banner_2019_FR.png\",\"datePublished\":\"2022-10-28T21:31:35+00:00\",\"dateModified\":\"2023-05-05T19:05:35+00:00\",\"breadcrumb\":{\"@id\":\"https:\/\/foodbankscanada.ca\/fr\/coup-de-projecteur-nicole-mountain\/#breadcrumb\"},\"inLanguage\":\"fr-CA\",\"potentialAction\":[{\"@type\":\"ReadAction\",\"target\":[\"https:\/\/foodbankscanada.ca\/fr\/coup-de-projecteur-nicole-mountain\/\"]}]},{\"@type\":\"ImageObject\",\"inLanguage\":\"fr-CA\",\"@id\":\"https:\/\/foodbankscanada.ca\/fr\/coup-de-projecteur-nicole-mountain\/#primaryimage\",\"url\":\"https:\/\/content.foodbankscanada.ca\/wordpress\/2022\/03\/Spotlight_Banner_2019_FR.png\",\"contentUrl\":\"https:\/\/content.foodbankscanada.ca\/wordpress\/2022\/03\/Spotlight_Banner_2019_FR.png\",\"width\":3338,\"height\":1251},{\"@type\":\"BreadcrumbList\",\"@id\":\"https:\/\/foodbankscanada.ca\/fr\/coup-de-projecteur-nicole-mountain\/#breadcrumb\",\"itemListElement\":[{\"@type\":\"ListItem\",\"position\":1,\"name\":\"Accueil\",\"item\":\"https:\/\/foodbankscanada.ca\/fr\/\"},{\"@type\":\"ListItem\",\"position\":2,\"name\":\"Coup de projecteur \u2013\u00a0Nicole Mountain\"}]},{\"@type\":\"WebSite\",\"@id\":\"https:\/\/foodbankscanada.ca\/fr\/#website\",\"url\":\"https:\/\/foodbankscanada.ca\/fr\/\",\"name\":\"Banques alimentaires Canada\",\"description\":\"\",\"publisher\":{\"@id\":\"https:\/\/foodbankscanada.ca\/fr\/#organization\"},\"potentialAction\":[{\"@type\":\"SearchAction\",\"target\":{\"@type\":\"EntryPoint\",\"urlTemplate\":\"https:\/\/foodbankscanada.ca\/fr\/?s={search_term_string}\"},\"query-input\":{\"@type\":\"PropertyValueSpecification\",\"valueRequired\":true,\"valueName\":\"search_term_string\"}}],\"inLanguage\":\"fr-CA\"},{\"@type\":\"Organization\",\"@id\":\"https:\/\/foodbankscanada.ca\/fr\/#organization\",\"name\":\"Food Banks Canada\",\"url\":\"https:\/\/foodbankscanada.ca\/fr\/\",\"logo\":{\"@type\":\"ImageObject\",\"inLanguage\":\"fr-CA\",\"@id\":\"https:\/\/foodbankscanada.ca\/fr\/#\/schema\/logo\/image\/\",\"url\":\"https:\/\/fbcblobstorage.blob.core.windows.net\/wordpress\/2021\/11\/logo.png\",\"contentUrl\":\"https:\/\/fbcblobstorage.blob.core.windows.net\/wordpress\/2021\/11\/logo.png\",\"width\":377,\"height\":89,\"caption\":\"Food Banks Canada\"},\"image\":{\"@id\":\"https:\/\/foodbankscanada.ca\/fr\/#\/schema\/logo\/image\/\"}},{\"@type\":\"Person\",\"@id\":\"https:\/\/foodbankscanada.ca\/fr\/#\/schema\/person\/30dee3822f743af7b7ea162a2cad3597\",\"name\":\"Food Banks Canada\",\"image\":{\"@type\":\"ImageObject\",\"inLanguage\":\"fr-CA\",\"@id\":\"https:\/\/foodbankscanada.ca\/fr\/#\/schema\/person\/image\/\",\"url\":\"https:\/\/secure.gravatar.com\/avatar\/b7b4ae3e8ae4216c2516b0ade2f6b2454ecebe7ed2e1b2e76a1aa1a7d1eb2072?s=96&d=mm&r=g\",\"contentUrl\":\"https:\/\/secure.gravatar.com\/avatar\/b7b4ae3e8ae4216c2516b0ade2f6b2454ecebe7ed2e1b2e76a1aa1a7d1eb2072?s=96&d=mm&r=g\",\"caption\":\"Food Banks Canada\"},\"url\":\"https:\/\/foodbankscanada.ca\/fr\/author\/food-banks-canada\/\"}]}<\/script>\n<!-- \/ Yoast SEO Premium plugin. -->","yoast_head_json":{"title":"Coup de projecteur \u2013\u00a0Nicole Mountain - Banques alimentaires Canada","robots":{"index":"index","follow":"follow","max-snippet":"max-snippet:-1","max-image-preview":"max-image-preview:large","max-video-preview":"max-video-preview:-1"},"canonical":"https:\/\/foodbankscanada.ca\/fr\/coup-de-projecteur-nicole-mountain\/","og_locale":"fr_CA","og_type":"article","og_title":"Coup de projecteur \u2013\u00a0Nicole Mountain","og_description":"Nous souhaitons toujours en apprendre davantage sur les personnes qui travaillent dans les banques alimentaires du Canada! Ce mois-ci, nous braquons les projecteurs sur Nicole Mountain de The Upper Room Hospitality Ministry Inc. \u00e0 Charlottetown. Quel est votre r\u00f4le dans le r\u00e9seau des banques alimentaires? Je suis coordonnatrice des communications et du marketing chez The...","og_url":"https:\/\/foodbankscanada.ca\/fr\/coup-de-projecteur-nicole-mountain\/","og_site_name":"Banques alimentaires Canada","article_published_time":"2022-10-28T21:31:35+00:00","article_modified_time":"2023-05-05T19:05:35+00:00","og_image":[{"width":3338,"height":1251,"url":"https:\/\/content.foodbankscanada.ca\/wordpress\/2022\/03\/Spotlight_Banner_2019_FR.png","type":"image\/png"}],"author":"Food Banks Canada","twitter_card":"summary_large_image","twitter_misc":{"Written by":"Food Banks Canada","Est. reading time":"5 minutes"},"schema":{"@context":"https:\/\/schema.org","@graph":[{"@type":"Article","@id":"https:\/\/foodbankscanada.ca\/fr\/coup-de-projecteur-nicole-mountain\/#article","isPartOf":{"@id":"https:\/\/foodbankscanada.ca\/fr\/coup-de-projecteur-nicole-mountain\/"},"author":{"name":"Food Banks Canada","@id":"https:\/\/foodbankscanada.ca\/fr\/#\/schema\/person\/30dee3822f743af7b7ea162a2cad3597"},"headline":"Coup de projecteur \u2013\u00a0Nicole Mountain","datePublished":"2022-10-28T21:31:35+00:00","dateModified":"2023-05-05T19:05:35+00:00","mainEntityOfPage":{"@id":"https:\/\/foodbankscanada.ca\/fr\/coup-de-projecteur-nicole-mountain\/"},"wordCount":1085,"publisher":{"@id":"https:\/\/foodbankscanada.ca\/fr\/#organization"},"image":{"@id":"https:\/\/foodbankscanada.ca\/fr\/coup-de-projecteur-nicole-mountain\/#primaryimage"},"thumbnailUrl":"https:\/\/content.foodbankscanada.ca\/wordpress\/2022\/03\/Spotlight_Banner_2019_FR.png","articleSection":["Non classifi\u00e9(e)"],"inLanguage":"fr-CA"},{"@type":"WebPage","@id":"https:\/\/foodbankscanada.ca\/fr\/coup-de-projecteur-nicole-mountain\/","url":"https:\/\/foodbankscanada.ca\/fr\/coup-de-projecteur-nicole-mountain\/","name":"Coup de projecteur \u2013\u00a0Nicole Mountain - Banques alimentaires Canada","isPartOf":{"@id":"https:\/\/foodbankscanada.ca\/fr\/#website"},"primaryImageOfPage":{"@id":"https:\/\/foodbankscanada.ca\/fr\/coup-de-projecteur-nicole-mountain\/#primaryimage"},"image":{"@id":"https:\/\/foodbankscanada.ca\/fr\/coup-de-projecteur-nicole-mountain\/#primaryimage"},"thumbnailUrl":"https:\/\/content.foodbankscanada.ca\/wordpress\/2022\/03\/Spotlight_Banner_2019_FR.png","datePublished":"2022-10-28T21:31:35+00:00","dateModified":"2023-05-05T19:05:35+00:00","breadcrumb":{"@id":"https:\/\/foodbankscanada.ca\/fr\/coup-de-projecteur-nicole-mountain\/#breadcrumb"},"inLanguage":"fr-CA","potentialAction":[{"@type":"ReadAction","target":["https:\/\/foodbankscanada.ca\/fr\/coup-de-projecteur-nicole-mountain\/"]}]},{"@type":"ImageObject","inLanguage":"fr-CA","@id":"https:\/\/foodbankscanada.ca\/fr\/coup-de-projecteur-nicole-mountain\/#primaryimage","url":"https:\/\/content.foodbankscanada.ca\/wordpress\/2022\/03\/Spotlight_Banner_2019_FR.png","contentUrl":"https:\/\/content.foodbankscanada.ca\/wordpress\/2022\/03\/Spotlight_Banner_2019_FR.png","width":3338,"height":1251},{"@type":"BreadcrumbList","@id":"https:\/\/foodbankscanada.ca\/fr\/coup-de-projecteur-nicole-mountain\/#breadcrumb","itemListElement":[{"@type":"ListItem","position":1,"name":"Accueil","item":"https:\/\/foodbankscanada.ca\/fr\/"},{"@type":"ListItem","position":2,"name":"Coup de projecteur \u2013\u00a0Nicole Mountain"}]},{"@type":"WebSite","@id":"https:\/\/foodbankscanada.ca\/fr\/#website","url":"https:\/\/foodbankscanada.ca\/fr\/","name":"Banques alimentaires Canada","description":"","publisher":{"@id":"https:\/\/foodbankscanada.ca\/fr\/#organization"},"potentialAction":[{"@type":"SearchAction","target":{"@type":"EntryPoint","urlTemplate":"https:\/\/foodbankscanada.ca\/fr\/?s={search_term_string}"},"query-input":{"@type":"PropertyValueSpecification","valueRequired":true,"valueName":"search_term_string"}}],"inLanguage":"fr-CA"},{"@type":"Organization","@id":"https:\/\/foodbankscanada.ca\/fr\/#organization","name":"Food Banks Canada","url":"https:\/\/foodbankscanada.ca\/fr\/","logo":{"@type":"ImageObject","inLanguage":"fr-CA","@id":"https:\/\/foodbankscanada.ca\/fr\/#\/schema\/logo\/image\/","url":"https:\/\/fbcblobstorage.blob.core.windows.net\/wordpress\/2021\/11\/logo.png","contentUrl":"https:\/\/fbcblobstorage.blob.core.windows.net\/wordpress\/2021\/11\/logo.png","width":377,"height":89,"caption":"Food Banks Canada"},"image":{"@id":"https:\/\/foodbankscanada.ca\/fr\/#\/schema\/logo\/image\/"}},{"@type":"Person","@id":"https:\/\/foodbankscanada.ca\/fr\/#\/schema\/person\/30dee3822f743af7b7ea162a2cad3597","name":"Food Banks Canada","image":{"@type":"ImageObject","inLanguage":"fr-CA","@id":"https:\/\/foodbankscanada.ca\/fr\/#\/schema\/person\/image\/","url":"https:\/\/secure.gravatar.com\/avatar\/b7b4ae3e8ae4216c2516b0ade2f6b2454ecebe7ed2e1b2e76a1aa1a7d1eb2072?s=96&d=mm&r=g","contentUrl":"https:\/\/secure.gravatar.com\/avatar\/b7b4ae3e8ae4216c2516b0ade2f6b2454ecebe7ed2e1b2e76a1aa1a7d1eb2072?s=96&d=mm&r=g","caption":"Food Banks Canada"},"url":"https:\/\/foodbankscanada.ca\/fr\/author\/food-banks-canada\/"}]}},"_links":{"self":[{"href":"https:\/\/foodbankscanada.ca\/fr\/wp-json\/wp\/v2\/posts\/22930","targetHints":{"allow":["GET"]}}],"collection":[{"href":"https:\/\/foodbankscanada.ca\/fr\/wp-json\/wp\/v2\/posts"}],"about":[{"href":"https:\/\/foodbankscanada.ca\/fr\/wp-json\/wp\/v2\/types\/post"}],"author":[{"embeddable":true,"href":"https:\/\/foodbankscanada.ca\/fr\/wp-json\/wp\/v2\/users\/16"}],"replies":[{"embeddable":true,"href":"https:\/\/foodbankscanada.ca\/fr\/wp-json\/wp\/v2\/comments?post=22930"}],"version-history":[{"count":6,"href":"https:\/\/foodbankscanada.ca\/fr\/wp-json\/wp\/v2\/posts\/22930\/revisions"}],"predecessor-version":[{"id":24259,"href":"https:\/\/foodbankscanada.ca\/fr\/wp-json\/wp\/v2\/posts\/22930\/revisions\/24259"}],"wp:featuredmedia":[{"embeddable":true,"href":"https:\/\/foodbankscanada.ca\/fr\/wp-json\/wp\/v2\/media\/10002"}],"wp:attachment":[{"href":"https:\/\/foodbankscanada.ca\/fr\/wp-json\/wp\/v2\/media?parent=22930"}],"wp:term":[{"taxonomy":"category","embeddable":true,"href":"https:\/\/foodbankscanada.ca\/fr\/wp-json\/wp\/v2\/categories?post=22930"},{"taxonomy":"post_tag","embeddable":true,"href":"https:\/\/foodbankscanada.ca\/fr\/wp-json\/wp\/v2\/tags?post=22930"}],"curies":[{"name":"wp","href":"https:\/\/api.w.org\/{rel}","templated":true}]}}