{"id":11384,"date":"2017-08-31T14:29:00","date_gmt":"2017-08-31T18:29:00","guid":{"rendered":"https:\/\/prod2020.foodbankscanada.ca\/?p=11384"},"modified":"2022-03-25T14:31:33","modified_gmt":"2022-03-25T18:31:33","slug":"coup-de-projecteur-lori-mcritchie-de-lairdrie-food-bank","status":"publish","type":"post","link":"https:\/\/foodbankscanada.ca\/fr\/coup-de-projecteur-lori-mcritchie-de-lairdrie-food-bank\/","title":{"rendered":"Coup de projecteur : Lori McRitchie de l\u2019Airdrie Food Bank"},"content":{"rendered":"\n<p>Nous aimons toujours avoir des nouvelles des personnes qui s\u2019occupent des banques alimentaires au Canada! Ce mois-ci, notre coup de projecteur est sur Lori McRitchie, directrice g\u00e9n\u00e9rale de&nbsp;<a href=\"http:\/\/www.airdriefoodbank.com\/\" target=\"_blank\" rel=\"noreferrer noopener\" style=\"color:#167ba2;text-decoration:none\">la Banque alimentaire d&#8217;Airdrie<\/a>&nbsp;\u00e0 Airdrie, AB.<\/p>\n\n\n\n<p><strong>Quel est votre r\u00f4le dans le syst\u00e8me des banques alimentaires?<\/strong><br>En fait, j\u2019en ai plusieurs! Je suis directrice g\u00e9n\u00e9rale de la banque alimentaire d\u2019Airdrie, pr\u00e9sidente de la banque alimentaire d\u2019Alberta et repr\u00e9sentante de l\u2019Alberta au Conseil des membres de Banques alimentaires Canada.&nbsp;<\/p>\n\n\n\n<p><strong>En un mot, d\u00e9crivez une journ\u00e9e typique.&nbsp;<\/strong><br>Vari\u00e9e.<\/p>\n\n\n\n<p><strong>Qu&#8217;est-ce qui vous a pouss\u00e9e \u00e0 vous impliquer dans les banques alimentaires?<\/strong><br>On m\u2019a demand\u00e9 de l\u2019aide! Je m\u2019occupais d\u2019un programme de d\u00e9jeuner \u00e0 l\u2019\u00e9cole primaire de mon quartier quand j\u2019enseignais l\u00e0 (alphab\u00e9tisation en 1re et 2e ann\u00e9e). La ville d\u2019Airdrie m\u2019a approch\u00e9e pour me sugg\u00e9rer de fusionner le programme du d\u00e9jeuner (qui avait une directrice, moi en l&#8217;occurrence, mais pas de conseil d&#8217;administration) et la banque alimentaire, qui avait un conseil d&#8217;administration, mais pas de directeur ou de directrice. J\u2019ai accept\u00e9 et je me suis retrouss\u00e9 les manches parce qu\u2019en r\u00e9alit\u00e9, je ne savais vraiment pas comment diriger un organisme sans but lucratif. Cela fait 12 ans que je suis ici, et je n\u2019ai jamais regard\u00e9 en arri\u00e8re!<\/p>\n\n\n\n<p><strong>Dans votre r\u00f4le actuel, quelle est votre plus grande r\u00e9alisation?<\/strong><br>Rassembler la communaut\u00e9 pour aider, financer et construire notre nouvelle banque alimentaire. Les gens d\u2019Airdrie tiennent vraiment \u00e0 c\u0153ur leur r\u00f4le et leur responsabilit\u00e9 d\u2019\u00eatre des voisins qui aident leurs voisins, un vrai avantage pour tous ceux et celles qui vivent ici.&nbsp;<\/p>\n\n\n\n<p><strong>Dans votre r\u00f4le actuel, quel est votre plus grand d\u00e9fi?<\/strong><br>Les al\u00e9as de la croissance, c\u2019est-\u00e0-dire de d\u00e9m\u00e9nager apr\u00e8s avoir \u00e9t\u00e9 un petit organisme communautaire pour nous transformer en banque alimentaire de taille moyenne avec plus de programmes.&nbsp; Ce virage n\u2019a pas \u00e9t\u00e9 facile pour le personnel et les b\u00e9n\u00e9voles.&nbsp; Cela dit, nous nous sommes donn\u00e9 comme priorit\u00e9 d&#8217;adopter un mod\u00e8le qui est plus \u00ab d&#8217;affaires \u00bb tout en conservant le c\u0153ur d\u2019un petit organisme.<\/p>\n\n\n\n<p><strong>Si vous aviez un v\u0153u \u00e0 faire en lien avec la faim au Canada, que souhaiteriez-vous?<\/strong><br>J\u2019aimerais voir un syst\u00e8me de transport structur\u00e9 et durable, qui d\u00e9placerait les denr\u00e9es dans l\u2019ensemble du pays, l\u00e0 o\u00f9 on en a besoin\u2026 et des c\u0153urs qui sont pr\u00eats \u00e0 faire ce qu&#8217;il y a de mieux pour tous!&nbsp;&nbsp;<\/p>\n\n\n\n<p><strong>Quel talent aimeriez-vous vraiment poss\u00e9der?<\/strong><br>J\u2019adorerais apprendre \u00e0 bien danser. J\u2019aime la musique et j\u2019aime bouger!<\/p>\n\n\n\n<p><strong>Si vous pouviez donner un conseil \u00e0 la personne plus jeune que vous \u00e9tiez, ce serait quoi?<\/strong><br>Quand les occasions se pr\u00e9sentent, saisis-les!&nbsp; Tu ne sauras jamais ce que tu peux faire \u00e0 moins d\u2019essayer!<\/p>\n\n\n\n<p><strong>Qui sont vos h\u00e9ros? Fictifs ou r\u00e9els\u2026<\/strong><br>Mon p\u00e8re, qui a r\u00e9cemment re\u00e7u la m\u00e9daille de la L\u00e9gion d\u2019honneur de la France pour son service au Jour J!&nbsp; C\u2019est un homme extraordinaire et le meilleur p\u00e8re qui soit! Aussi, Samsaget (Sam) Gamgie, le meilleur ami de Frodo dans le Seigneur des anneaux. Il est sage, loyal et le genre d\u2019ami qu\u2019on voudrait \u00eatre!<\/p>\n\n\n\n<p><strong>Quelle est votre vision du bonheur?<\/strong><br>Passer du temps avec ma famille et mes amis, manger avec eux et profiter de la vie ensemble. Aussi, je suis tr\u00e8s heureuse quand je chante!<\/p>\n\n\n\n<p><strong>Quelle est votre devise?<\/strong><br>Comme mon personnel vous le dirait bien : \u00ab tenez-vous toujours du c\u00f4t\u00e9 de la gr\u00e2ce \u00bb.<\/p>\n\n\n\n<p><strong>Nommez quelque chose d\u2019original \u00e0 votre sujet, dont les autres ne sont pas au courant?<\/strong><br>J\u2019ai saut\u00e9 la 4e ann\u00e9e!<\/p>\n\n\n\n<p><strong>Votre chanson th\u00e8me?<\/strong><br>Three Little Birds de Bob Marley<\/p>\n\n\n\n<hr style=\"    border: solid #DDDDDD;\n    border-width: 1px 0 0;\n    clear: both;\n    height: 0;\n    margin: 1.25rem 0 1.1875rem;\">\n\n\n\n<p>Connaissez-vous une banque alimentaire ou une personne qui travaille ou fait du b\u00e9n\u00e9volat \u00e0 une banque alimentaire et qui pourrait faire l\u2019objet de notre prochain Coup de projecteur? Communiquez avec nous \u00e0&nbsp;<a href=\"mailto:communications@foodbankscanada.ca\" style=\"color:#167ba2;text-decoration:none\">communications@foodbankscanada.ca<\/a>.<\/p>\n","protected":false},"excerpt":{"rendered":"<p>Nous aimons toujours avoir des nouvelles des personnes qui s\u2019occupent des banques alimentaires au Canada! Ce mois-ci, notre coup de projecteur est sur Lori McRitchie, directrice g\u00e9n\u00e9rale de&nbsp;la Banque alimentaire d&#8217;Airdrie&nbsp;\u00e0 Airdrie, AB. Quel est votre r\u00f4le dans le syst\u00e8me des banques alimentaires?En fait, j\u2019en ai plusieurs! Je suis directrice g\u00e9n\u00e9rale de la banque alimentaire&#8230;<\/p>\n","protected":false},"author":2,"featured_media":10002,"comment_status":"closed","ping_status":"open","sticky":false,"template":"","format":"standard","meta":{"_acf_changed":false,"footnotes":""},"categories":[6],"tags":[],"class_list":["post-11384","post","type-post","status-publish","format-standard","has-post-thumbnail","hentry","category-non-classifiee"],"acf":[],"yoast_head":"<!-- This site is optimized with the Yoast SEO Premium plugin v26.9 (Yoast SEO v26.9) - https:\/\/yoast.com\/product\/yoast-seo-premium-wordpress\/ -->\n<title>Coup de projecteur : Lori McRitchie de l\u2019Airdrie Food Bank - Banques alimentaires Canada<\/title>\n<meta name=\"robots\" content=\"index, follow, max-snippet:-1, max-image-preview:large, max-video-preview:-1\" \/>\n<link rel=\"canonical\" href=\"https:\/\/foodbankscanada.ca\/fr\/coup-de-projecteur-lori-mcritchie-de-lairdrie-food-bank\/\" \/>\n<meta property=\"og:locale\" content=\"fr_CA\" \/>\n<meta property=\"og:type\" content=\"article\" \/>\n<meta property=\"og:title\" content=\"Coup de projecteur : Lori McRitchie de l\u2019Airdrie Food Bank\" \/>\n<meta property=\"og:description\" content=\"Nous aimons toujours avoir des nouvelles des personnes qui s\u2019occupent des banques alimentaires au Canada! Ce mois-ci, notre coup de projecteur est sur Lori McRitchie, directrice g\u00e9n\u00e9rale de&nbsp;la Banque alimentaire d&#8217;Airdrie&nbsp;\u00e0 Airdrie, AB. Quel est votre r\u00f4le dans le syst\u00e8me des banques alimentaires?En fait, j\u2019en ai plusieurs! Je suis directrice g\u00e9n\u00e9rale de la banque alimentaire...\" \/>\n<meta property=\"og:url\" content=\"https:\/\/foodbankscanada.ca\/fr\/coup-de-projecteur-lori-mcritchie-de-lairdrie-food-bank\/\" \/>\n<meta property=\"og:site_name\" content=\"Banques alimentaires Canada\" \/>\n<meta property=\"article:published_time\" content=\"2017-08-31T18:29:00+00:00\" \/>\n<meta property=\"article:modified_time\" content=\"2022-03-25T18:31:33+00:00\" \/>\n<meta property=\"og:image\" content=\"https:\/\/content.foodbankscanada.ca\/wordpress\/2022\/03\/Spotlight_Banner_2019_FR.png\" \/>\n\t<meta property=\"og:image:width\" content=\"3338\" \/>\n\t<meta property=\"og:image:height\" content=\"1251\" \/>\n\t<meta property=\"og:image:type\" content=\"image\/png\" \/>\n<meta name=\"author\" content=\"Idea Notion\" \/>\n<meta name=\"twitter:card\" content=\"summary_large_image\" \/>\n<meta name=\"twitter:label1\" content=\"Written by\" \/>\n\t<meta name=\"twitter:data1\" content=\"Idea Notion\" \/>\n\t<meta name=\"twitter:label2\" content=\"Est. reading time\" \/>\n\t<meta name=\"twitter:data2\" content=\"3 minutes\" \/>\n<script type=\"application\/ld+json\" class=\"yoast-schema-graph\">{\"@context\":\"https:\/\/schema.org\",\"@graph\":[{\"@type\":\"Article\",\"@id\":\"https:\/\/foodbankscanada.ca\/fr\/coup-de-projecteur-lori-mcritchie-de-lairdrie-food-bank\/#article\",\"isPartOf\":{\"@id\":\"https:\/\/foodbankscanada.ca\/fr\/coup-de-projecteur-lori-mcritchie-de-lairdrie-food-bank\/\"},\"author\":{\"name\":\"Idea Notion\",\"@id\":\"https:\/\/foodbankscanada.ca\/fr\/#\/schema\/person\/c754e6dfe33dc613fc8104ec8e55a198\"},\"headline\":\"Coup de projecteur : Lori McRitchie de l\u2019Airdrie Food Bank\",\"datePublished\":\"2017-08-31T18:29:00+00:00\",\"dateModified\":\"2022-03-25T18:31:33+00:00\",\"mainEntityOfPage\":{\"@id\":\"https:\/\/foodbankscanada.ca\/fr\/coup-de-projecteur-lori-mcritchie-de-lairdrie-food-bank\/\"},\"wordCount\":721,\"publisher\":{\"@id\":\"https:\/\/foodbankscanada.ca\/fr\/#organization\"},\"image\":{\"@id\":\"https:\/\/foodbankscanada.ca\/fr\/coup-de-projecteur-lori-mcritchie-de-lairdrie-food-bank\/#primaryimage\"},\"thumbnailUrl\":\"https:\/\/content.foodbankscanada.ca\/wordpress\/2022\/03\/Spotlight_Banner_2019_FR.png\",\"articleSection\":[\"Non classifi\u00e9(e)\"],\"inLanguage\":\"fr-CA\"},{\"@type\":\"WebPage\",\"@id\":\"https:\/\/foodbankscanada.ca\/fr\/coup-de-projecteur-lori-mcritchie-de-lairdrie-food-bank\/\",\"url\":\"https:\/\/foodbankscanada.ca\/fr\/coup-de-projecteur-lori-mcritchie-de-lairdrie-food-bank\/\",\"name\":\"Coup de projecteur : Lori McRitchie de l\u2019Airdrie Food Bank - Banques alimentaires Canada\",\"isPartOf\":{\"@id\":\"https:\/\/foodbankscanada.ca\/fr\/#website\"},\"primaryImageOfPage\":{\"@id\":\"https:\/\/foodbankscanada.ca\/fr\/coup-de-projecteur-lori-mcritchie-de-lairdrie-food-bank\/#primaryimage\"},\"image\":{\"@id\":\"https:\/\/foodbankscanada.ca\/fr\/coup-de-projecteur-lori-mcritchie-de-lairdrie-food-bank\/#primaryimage\"},\"thumbnailUrl\":\"https:\/\/content.foodbankscanada.ca\/wordpress\/2022\/03\/Spotlight_Banner_2019_FR.png\",\"datePublished\":\"2017-08-31T18:29:00+00:00\",\"dateModified\":\"2022-03-25T18:31:33+00:00\",\"breadcrumb\":{\"@id\":\"https:\/\/foodbankscanada.ca\/fr\/coup-de-projecteur-lori-mcritchie-de-lairdrie-food-bank\/#breadcrumb\"},\"inLanguage\":\"fr-CA\",\"potentialAction\":[{\"@type\":\"ReadAction\",\"target\":[\"https:\/\/foodbankscanada.ca\/fr\/coup-de-projecteur-lori-mcritchie-de-lairdrie-food-bank\/\"]}]},{\"@type\":\"ImageObject\",\"inLanguage\":\"fr-CA\",\"@id\":\"https:\/\/foodbankscanada.ca\/fr\/coup-de-projecteur-lori-mcritchie-de-lairdrie-food-bank\/#primaryimage\",\"url\":\"https:\/\/content.foodbankscanada.ca\/wordpress\/2022\/03\/Spotlight_Banner_2019_FR.png\",\"contentUrl\":\"https:\/\/content.foodbankscanada.ca\/wordpress\/2022\/03\/Spotlight_Banner_2019_FR.png\",\"width\":3338,\"height\":1251},{\"@type\":\"BreadcrumbList\",\"@id\":\"https:\/\/foodbankscanada.ca\/fr\/coup-de-projecteur-lori-mcritchie-de-lairdrie-food-bank\/#breadcrumb\",\"itemListElement\":[{\"@type\":\"ListItem\",\"position\":1,\"name\":\"Accueil\",\"item\":\"https:\/\/foodbankscanada.ca\/fr\/\"},{\"@type\":\"ListItem\",\"position\":2,\"name\":\"Coup de projecteur : Lori McRitchie de l\u2019Airdrie Food Bank\"}]},{\"@type\":\"WebSite\",\"@id\":\"https:\/\/foodbankscanada.ca\/fr\/#website\",\"url\":\"https:\/\/foodbankscanada.ca\/fr\/\",\"name\":\"Banques alimentaires Canada\",\"description\":\"\",\"publisher\":{\"@id\":\"https:\/\/foodbankscanada.ca\/fr\/#organization\"},\"potentialAction\":[{\"@type\":\"SearchAction\",\"target\":{\"@type\":\"EntryPoint\",\"urlTemplate\":\"https:\/\/foodbankscanada.ca\/fr\/?s={search_term_string}\"},\"query-input\":{\"@type\":\"PropertyValueSpecification\",\"valueRequired\":true,\"valueName\":\"search_term_string\"}}],\"inLanguage\":\"fr-CA\"},{\"@type\":\"Organization\",\"@id\":\"https:\/\/foodbankscanada.ca\/fr\/#organization\",\"name\":\"Food Banks Canada\",\"url\":\"https:\/\/foodbankscanada.ca\/fr\/\",\"logo\":{\"@type\":\"ImageObject\",\"inLanguage\":\"fr-CA\",\"@id\":\"https:\/\/foodbankscanada.ca\/fr\/#\/schema\/logo\/image\/\",\"url\":\"https:\/\/fbcblobstorage.blob.core.windows.net\/wordpress\/2021\/11\/logo.png\",\"contentUrl\":\"https:\/\/fbcblobstorage.blob.core.windows.net\/wordpress\/2021\/11\/logo.png\",\"width\":377,\"height\":89,\"caption\":\"Food Banks Canada\"},\"image\":{\"@id\":\"https:\/\/foodbankscanada.ca\/fr\/#\/schema\/logo\/image\/\"}},{\"@type\":\"Person\",\"@id\":\"https:\/\/foodbankscanada.ca\/fr\/#\/schema\/person\/c754e6dfe33dc613fc8104ec8e55a198\",\"name\":\"Idea Notion\",\"image\":{\"@type\":\"ImageObject\",\"inLanguage\":\"fr-CA\",\"@id\":\"https:\/\/foodbankscanada.ca\/fr\/#\/schema\/person\/image\/\",\"url\":\"https:\/\/secure.gravatar.com\/avatar\/fd29e8ba27e8b1c05ac846a6471d215c1420fe5390381c1b77c3a6bd1b576cba?s=96&d=mm&r=g\",\"contentUrl\":\"https:\/\/secure.gravatar.com\/avatar\/fd29e8ba27e8b1c05ac846a6471d215c1420fe5390381c1b77c3a6bd1b576cba?s=96&d=mm&r=g\",\"caption\":\"Idea Notion\"},\"url\":\"https:\/\/foodbankscanada.ca\/fr\/author\/ideanotion\/\"}]}<\/script>\n<!-- \/ Yoast SEO Premium plugin. -->","yoast_head_json":{"title":"Coup de projecteur : Lori McRitchie de l\u2019Airdrie Food Bank - Banques alimentaires Canada","robots":{"index":"index","follow":"follow","max-snippet":"max-snippet:-1","max-image-preview":"max-image-preview:large","max-video-preview":"max-video-preview:-1"},"canonical":"https:\/\/foodbankscanada.ca\/fr\/coup-de-projecteur-lori-mcritchie-de-lairdrie-food-bank\/","og_locale":"fr_CA","og_type":"article","og_title":"Coup de projecteur : Lori McRitchie de l\u2019Airdrie Food Bank","og_description":"Nous aimons toujours avoir des nouvelles des personnes qui s\u2019occupent des banques alimentaires au Canada! Ce mois-ci, notre coup de projecteur est sur Lori McRitchie, directrice g\u00e9n\u00e9rale de&nbsp;la Banque alimentaire d&#8217;Airdrie&nbsp;\u00e0 Airdrie, AB. Quel est votre r\u00f4le dans le syst\u00e8me des banques alimentaires?En fait, j\u2019en ai plusieurs! Je suis directrice g\u00e9n\u00e9rale de la banque alimentaire...","og_url":"https:\/\/foodbankscanada.ca\/fr\/coup-de-projecteur-lori-mcritchie-de-lairdrie-food-bank\/","og_site_name":"Banques alimentaires Canada","article_published_time":"2017-08-31T18:29:00+00:00","article_modified_time":"2022-03-25T18:31:33+00:00","og_image":[{"width":3338,"height":1251,"url":"https:\/\/content.foodbankscanada.ca\/wordpress\/2022\/03\/Spotlight_Banner_2019_FR.png","type":"image\/png"}],"author":"Idea Notion","twitter_card":"summary_large_image","twitter_misc":{"Written by":"Idea Notion","Est. reading time":"3 minutes"},"schema":{"@context":"https:\/\/schema.org","@graph":[{"@type":"Article","@id":"https:\/\/foodbankscanada.ca\/fr\/coup-de-projecteur-lori-mcritchie-de-lairdrie-food-bank\/#article","isPartOf":{"@id":"https:\/\/foodbankscanada.ca\/fr\/coup-de-projecteur-lori-mcritchie-de-lairdrie-food-bank\/"},"author":{"name":"Idea Notion","@id":"https:\/\/foodbankscanada.ca\/fr\/#\/schema\/person\/c754e6dfe33dc613fc8104ec8e55a198"},"headline":"Coup de projecteur : Lori McRitchie de l\u2019Airdrie Food Bank","datePublished":"2017-08-31T18:29:00+00:00","dateModified":"2022-03-25T18:31:33+00:00","mainEntityOfPage":{"@id":"https:\/\/foodbankscanada.ca\/fr\/coup-de-projecteur-lori-mcritchie-de-lairdrie-food-bank\/"},"wordCount":721,"publisher":{"@id":"https:\/\/foodbankscanada.ca\/fr\/#organization"},"image":{"@id":"https:\/\/foodbankscanada.ca\/fr\/coup-de-projecteur-lori-mcritchie-de-lairdrie-food-bank\/#primaryimage"},"thumbnailUrl":"https:\/\/content.foodbankscanada.ca\/wordpress\/2022\/03\/Spotlight_Banner_2019_FR.png","articleSection":["Non classifi\u00e9(e)"],"inLanguage":"fr-CA"},{"@type":"WebPage","@id":"https:\/\/foodbankscanada.ca\/fr\/coup-de-projecteur-lori-mcritchie-de-lairdrie-food-bank\/","url":"https:\/\/foodbankscanada.ca\/fr\/coup-de-projecteur-lori-mcritchie-de-lairdrie-food-bank\/","name":"Coup de projecteur : Lori McRitchie de l\u2019Airdrie Food Bank - Banques alimentaires Canada","isPartOf":{"@id":"https:\/\/foodbankscanada.ca\/fr\/#website"},"primaryImageOfPage":{"@id":"https:\/\/foodbankscanada.ca\/fr\/coup-de-projecteur-lori-mcritchie-de-lairdrie-food-bank\/#primaryimage"},"image":{"@id":"https:\/\/foodbankscanada.ca\/fr\/coup-de-projecteur-lori-mcritchie-de-lairdrie-food-bank\/#primaryimage"},"thumbnailUrl":"https:\/\/content.foodbankscanada.ca\/wordpress\/2022\/03\/Spotlight_Banner_2019_FR.png","datePublished":"2017-08-31T18:29:00+00:00","dateModified":"2022-03-25T18:31:33+00:00","breadcrumb":{"@id":"https:\/\/foodbankscanada.ca\/fr\/coup-de-projecteur-lori-mcritchie-de-lairdrie-food-bank\/#breadcrumb"},"inLanguage":"fr-CA","potentialAction":[{"@type":"ReadAction","target":["https:\/\/foodbankscanada.ca\/fr\/coup-de-projecteur-lori-mcritchie-de-lairdrie-food-bank\/"]}]},{"@type":"ImageObject","inLanguage":"fr-CA","@id":"https:\/\/foodbankscanada.ca\/fr\/coup-de-projecteur-lori-mcritchie-de-lairdrie-food-bank\/#primaryimage","url":"https:\/\/content.foodbankscanada.ca\/wordpress\/2022\/03\/Spotlight_Banner_2019_FR.png","contentUrl":"https:\/\/content.foodbankscanada.ca\/wordpress\/2022\/03\/Spotlight_Banner_2019_FR.png","width":3338,"height":1251},{"@type":"BreadcrumbList","@id":"https:\/\/foodbankscanada.ca\/fr\/coup-de-projecteur-lori-mcritchie-de-lairdrie-food-bank\/#breadcrumb","itemListElement":[{"@type":"ListItem","position":1,"name":"Accueil","item":"https:\/\/foodbankscanada.ca\/fr\/"},{"@type":"ListItem","position":2,"name":"Coup de projecteur : Lori McRitchie de l\u2019Airdrie Food Bank"}]},{"@type":"WebSite","@id":"https:\/\/foodbankscanada.ca\/fr\/#website","url":"https:\/\/foodbankscanada.ca\/fr\/","name":"Banques alimentaires Canada","description":"","publisher":{"@id":"https:\/\/foodbankscanada.ca\/fr\/#organization"},"potentialAction":[{"@type":"SearchAction","target":{"@type":"EntryPoint","urlTemplate":"https:\/\/foodbankscanada.ca\/fr\/?s={search_term_string}"},"query-input":{"@type":"PropertyValueSpecification","valueRequired":true,"valueName":"search_term_string"}}],"inLanguage":"fr-CA"},{"@type":"Organization","@id":"https:\/\/foodbankscanada.ca\/fr\/#organization","name":"Food Banks Canada","url":"https:\/\/foodbankscanada.ca\/fr\/","logo":{"@type":"ImageObject","inLanguage":"fr-CA","@id":"https:\/\/foodbankscanada.ca\/fr\/#\/schema\/logo\/image\/","url":"https:\/\/fbcblobstorage.blob.core.windows.net\/wordpress\/2021\/11\/logo.png","contentUrl":"https:\/\/fbcblobstorage.blob.core.windows.net\/wordpress\/2021\/11\/logo.png","width":377,"height":89,"caption":"Food Banks Canada"},"image":{"@id":"https:\/\/foodbankscanada.ca\/fr\/#\/schema\/logo\/image\/"}},{"@type":"Person","@id":"https:\/\/foodbankscanada.ca\/fr\/#\/schema\/person\/c754e6dfe33dc613fc8104ec8e55a198","name":"Idea Notion","image":{"@type":"ImageObject","inLanguage":"fr-CA","@id":"https:\/\/foodbankscanada.ca\/fr\/#\/schema\/person\/image\/","url":"https:\/\/secure.gravatar.com\/avatar\/fd29e8ba27e8b1c05ac846a6471d215c1420fe5390381c1b77c3a6bd1b576cba?s=96&d=mm&r=g","contentUrl":"https:\/\/secure.gravatar.com\/avatar\/fd29e8ba27e8b1c05ac846a6471d215c1420fe5390381c1b77c3a6bd1b576cba?s=96&d=mm&r=g","caption":"Idea Notion"},"url":"https:\/\/foodbankscanada.ca\/fr\/author\/ideanotion\/"}]}},"_links":{"self":[{"href":"https:\/\/foodbankscanada.ca\/fr\/wp-json\/wp\/v2\/posts\/11384","targetHints":{"allow":["GET"]}}],"collection":[{"href":"https:\/\/foodbankscanada.ca\/fr\/wp-json\/wp\/v2\/posts"}],"about":[{"href":"https:\/\/foodbankscanada.ca\/fr\/wp-json\/wp\/v2\/types\/post"}],"author":[{"embeddable":true,"href":"https:\/\/foodbankscanada.ca\/fr\/wp-json\/wp\/v2\/users\/2"}],"replies":[{"embeddable":true,"href":"https:\/\/foodbankscanada.ca\/fr\/wp-json\/wp\/v2\/comments?post=11384"}],"version-history":[{"count":1,"href":"https:\/\/foodbankscanada.ca\/fr\/wp-json\/wp\/v2\/posts\/11384\/revisions"}],"predecessor-version":[{"id":11390,"href":"https:\/\/foodbankscanada.ca\/fr\/wp-json\/wp\/v2\/posts\/11384\/revisions\/11390"}],"wp:featuredmedia":[{"embeddable":true,"href":"https:\/\/foodbankscanada.ca\/fr\/wp-json\/wp\/v2\/media\/10002"}],"wp:attachment":[{"href":"https:\/\/foodbankscanada.ca\/fr\/wp-json\/wp\/v2\/media?parent=11384"}],"wp:term":[{"taxonomy":"category","embeddable":true,"href":"https:\/\/foodbankscanada.ca\/fr\/wp-json\/wp\/v2\/categories?post=11384"},{"taxonomy":"post_tag","embeddable":true,"href":"https:\/\/foodbankscanada.ca\/fr\/wp-json\/wp\/v2\/tags?post=11384"}],"curies":[{"name":"wp","href":"https:\/\/api.w.org\/{rel}","templated":true}]}}