{"id":10951,"date":"2018-11-23T14:56:00","date_gmt":"2018-11-23T19:56:00","guid":{"rendered":"https:\/\/prod2020.foodbankscanada.ca\/?p=10951"},"modified":"2022-03-24T14:58:13","modified_gmt":"2022-03-24T18:58:13","slug":"un-bel-effort-dequipe-a-la-journee-demballage-apres-la-cloche","status":"publish","type":"post","link":"https:\/\/foodbankscanada.ca\/fr\/un-bel-effort-dequipe-a-la-journee-demballage-apres-la-cloche\/","title":{"rendered":"Un bel effort d\u2019\u00e9quipe \u00e0 la journ\u00e9e d\u2019emballage Apr\u00e8s la cloche"},"content":{"rendered":"\n<p>Par Matt&nbsp;Stevenson, chef de produit, French\u2019s Condiments<\/p>\n\n\n\n<p>En mai dernier, l\u2019\u00e9quipe de French\u2019s et moi avons particip\u00e9 \u00e0 la journ\u00e9e d\u2019emballage organis\u00e9e par Banques alimentaires Canada dans le cadre du programme Apr\u00e8s la cloche. Cet \u00e9v\u00e9nement r\u00e9unit des \u00e9quipes de b\u00e9n\u00e9voles d\u2019entreprise pour pr\u00e9parer les sacs d\u2019aliments qui seront remis aux enfants souffrant d\u2019ins\u00e9curit\u00e9 alimentaire pendant l\u2019\u00e9t\u00e9, lorsque les programmes alimentaires ne sont pas offerts dans les \u00e9coles.<\/p>\n\n\n\n<p>\u00c0 ce moment-l\u00e0, je travaillais chez McCormick Canada (soci\u00e9t\u00e9 m\u00e8re de French\u2019s) depuis deux mois seulement. Je savais que l\u2019engagement communautaire et la participation \u00e0 des causes comme celle-ci \u00e9taient importants pour notre marque. En effet, French\u2019s, partenaire d\u2019inspiration d\u00e9vou\u00e9 de Banques alimentaires Canada, donne plus de deux millions de repas par an. Toutefois, je ne savais pas \u00e0 quoi m\u2019attendre de cet \u00e9v\u00e9nement qui rassemble plus de 300&nbsp;b\u00e9n\u00e9voles, ni comment nous allions travailler en \u00e9quipe.<\/p>\n\n\n\n<p>Nous nous sommes r\u00e9unis en d\u00e9but de matin\u00e9e au site d\u00e9sign\u00e9&nbsp;: le Centre international de Mississauga, en Ontario.<\/p>\n\n\n\n<p>Notre objectif \u00e9tait de remplir le plus de sacs possible de denr\u00e9es non p\u00e9rissables. Les communaut\u00e9s qui re\u00e7oivent une subvention du programme Apr\u00e8s la cloche ach\u00e8tent ensuite des aliments frais, qui sont ajout\u00e9s aux sacs lorsqu\u2019ils sont remis aux enfants.<\/p>\n\n\n\n<p>Le poste de travail de French\u2019s \u00e9tait configur\u00e9 comme la plupart des postes d\u2019autres \u00e9quipes. Quelques tables pliantes \u00e9taient plac\u00e9es c\u00f4te \u00e0 c\u00f4te, et nous travaillions \u00e0 la mani\u00e8re d\u2019une courroie transporteuse humaine. La personne \u00e0 l\u2019avant de la table d\u00e9posait deux produits dans le sac et le remettait \u00e0 son coll\u00e8gue voisin, qui y ajoutait un produit, et ainsi de suite, jusqu\u2019\u00e0 ce que le sac arrive aux mains de la derni\u00e8re personne, qui le nouait et le chargeait sur la palette.<\/p>\n\n\n\n<p>Lorsque les \u00e9quipes commen\u00e7aient \u00e0 manquer d\u2019un produit en particulier, nos \u00ab&nbsp;coureurs&nbsp;\u00bb se rendaient rapidement \u00e0 chacun des postes de travail dans les diff\u00e9rentes parties du b\u00e2timent.<\/p>\n\n\n\n<p>L\u2019esprit de camaraderie et le travail d\u2019\u00e9quipe \u00e9taient remarquables! Tous les b\u00e9n\u00e9voles pr\u00e9sents ce jour-l\u00e0 d\u00e9bordaient d\u2019\u00e9nergie. Nous concentrions tous nos efforts sur la recherche de moyens pour aider, et c\u2019\u00e9tait beau de voir tous les participants se serrer les coudes. Nous avons bien travaill\u00e9 ensemble. Cet \u00e9v\u00e9nement a permis de renforcer l\u2019esprit d\u2019\u00e9quipe, particuli\u00e8rement pour les nouveaux comme moi.<\/p>\n\n\n\n<p>Durant la journ\u00e9e d\u2019emballage, les b\u00e9n\u00e9voles ont pr\u00e9par\u00e9 un total de 20&nbsp;000&nbsp;sacs, et l\u2019\u00e9t\u00e9 dernier, pr\u00e8s de 70&nbsp;000&nbsp;sacs de denr\u00e9es alimentaires ont \u00e9t\u00e9 livr\u00e9s \u00e0 des enfants dans huit provinces et un territoire gr\u00e2ce au programme Apr\u00e8s la cloche. Je suis fier de savoir que l\u2019entreprise pour laquelle je travaille s\u2019investit dans une cause noble, et je suis tr\u00e8s touch\u00e9 de constater que j\u2019ai pu, moi aussi, offrir mon appui.<\/p>\n\n\n\n<p>Cette journ\u00e9e m\u2019a r\u00e9ellement ouvert les yeux. Quand j\u2019ai su que de nombreuses personnes d\u00e9munies ont recours \u00e0 une banque alimentaire chaque mois et que&nbsp;<strong>300&nbsp;000 d\u2019entre elles sont des enfants<\/strong>, j\u2019ai compris qu\u2019un nombre consid\u00e9rable d\u2019enfants canadiens ont besoin de notre aide.<\/p>\n\n\n\n<p>Cette activit\u00e9 concr\u00e8te m\u2019a \u00e9galement permis de saisir la port\u00e9e des activit\u00e9s de Banques alimentaires Canada ainsi que les efforts consid\u00e9rables requis. Il y a tant \u00e0 faire, et Banques alimentaires Canada fait un excellent travail d\u2019organisation. L\u2019organisme doit consacrer beaucoup de temps et d\u2019\u00e9nergie pour y arriver, mais comme le dit le proverbe, l\u2019union fait la force. C\u2019est pourquoi les \u00e9v\u00e9nements comme les journ\u00e9es d\u2019emballage sont si importants. D\u2019ailleurs, l\u2019\u00e9quipe de French\u2019s est enthousiaste \u00e0 l\u2019id\u00e9e de redonner un coup de main l\u2019an prochain.<\/p>\n\n\n\n<p><strong>L\u2019objectif de Banques alimentaires Canada est de distribuer 100&nbsp;000&nbsp;sacs de denr\u00e9es alimentaires \u00e0 des enfants en&nbsp;2019. Pour ce faire, nous avons besoin de 1&nbsp;000&nbsp;b\u00e9n\u00e9voles d\u2019entreprise. Pour savoir comment participer au programme Apr\u00e8s la cloche, veuillez communiquer avec Erin&nbsp;Filey-Wronecki \u00e0&nbsp;<a href=\"mailto:erin@foodbankscanada.ca\" style=\"color:#167ba2;text-decoration:none\">erin@foodbankscanada.ca<\/a>.<\/strong><\/p>\n\n\n\n<div class=\"wp-block-image\"><figure class=\"aligncenter\"><img decoding=\"async\" src=\"https:\/\/www.foodbankscanada.ca\/getmedia\/6a5d8e99-e241-4884-bb5b-1582b171b26b\/logo_footer_ATB_FR.jpg.aspx\" alt=\"\"\/><\/figure><\/div>\n","protected":false},"excerpt":{"rendered":"<p>Par Matt&nbsp;Stevenson, chef de produit, French\u2019s Condiments En mai dernier, l\u2019\u00e9quipe de French\u2019s et moi avons particip\u00e9 \u00e0 la journ\u00e9e d\u2019emballage organis\u00e9e par Banques alimentaires Canada dans le cadre du programme Apr\u00e8s la cloche. Cet \u00e9v\u00e9nement r\u00e9unit des \u00e9quipes de b\u00e9n\u00e9voles d\u2019entreprise pour pr\u00e9parer les sacs d\u2019aliments qui seront remis aux enfants souffrant d\u2019ins\u00e9curit\u00e9 alimentaire&#8230;<\/p>\n","protected":false},"author":2,"featured_media":10952,"comment_status":"closed","ping_status":"open","sticky":false,"template":"","format":"standard","meta":{"_acf_changed":false,"footnotes":""},"categories":[6],"tags":[],"class_list":["post-10951","post","type-post","status-publish","format-standard","has-post-thumbnail","hentry","category-non-classifiee"],"acf":[],"yoast_head":"<!-- This site is optimized with the Yoast SEO Premium plugin v26.9 (Yoast SEO v26.9) - https:\/\/yoast.com\/product\/yoast-seo-premium-wordpress\/ -->\n<title>Un bel effort d\u2019\u00e9quipe \u00e0 la journ\u00e9e d\u2019emballage Apr\u00e8s la cloche - Banques alimentaires Canada<\/title>\n<meta name=\"robots\" content=\"index, follow, max-snippet:-1, max-image-preview:large, max-video-preview:-1\" \/>\n<link rel=\"canonical\" href=\"https:\/\/foodbankscanada.ca\/fr\/un-bel-effort-dequipe-a-la-journee-demballage-apres-la-cloche\/\" \/>\n<meta property=\"og:locale\" content=\"fr_CA\" \/>\n<meta property=\"og:type\" content=\"article\" \/>\n<meta property=\"og:title\" content=\"Un bel effort d\u2019\u00e9quipe \u00e0 la journ\u00e9e d\u2019emballage Apr\u00e8s la cloche\" \/>\n<meta property=\"og:description\" content=\"Par Matt&nbsp;Stevenson, chef de produit, French\u2019s Condiments En mai dernier, l\u2019\u00e9quipe de French\u2019s et moi avons particip\u00e9 \u00e0 la journ\u00e9e d\u2019emballage organis\u00e9e par Banques alimentaires Canada dans le cadre du programme Apr\u00e8s la cloche. Cet \u00e9v\u00e9nement r\u00e9unit des \u00e9quipes de b\u00e9n\u00e9voles d\u2019entreprise pour pr\u00e9parer les sacs d\u2019aliments qui seront remis aux enfants souffrant d\u2019ins\u00e9curit\u00e9 alimentaire...\" \/>\n<meta property=\"og:url\" content=\"https:\/\/foodbankscanada.ca\/fr\/un-bel-effort-dequipe-a-la-journee-demballage-apres-la-cloche\/\" \/>\n<meta property=\"og:site_name\" content=\"Banques alimentaires Canada\" \/>\n<meta property=\"article:published_time\" content=\"2018-11-23T19:56:00+00:00\" \/>\n<meta property=\"article:modified_time\" content=\"2022-03-24T18:58:13+00:00\" \/>\n<meta property=\"og:image\" content=\"https:\/\/content.foodbankscanada.ca\/wordpress\/2022\/03\/French-s-Team-Image-01.jpeg\" \/>\n\t<meta property=\"og:image:width\" content=\"938\" \/>\n\t<meta property=\"og:image:height\" content=\"350\" \/>\n\t<meta property=\"og:image:type\" content=\"image\/jpeg\" \/>\n<meta name=\"author\" content=\"Idea Notion\" \/>\n<meta name=\"twitter:card\" content=\"summary_large_image\" \/>\n<meta name=\"twitter:label1\" content=\"Written by\" \/>\n\t<meta name=\"twitter:data1\" content=\"Idea Notion\" \/>\n\t<meta name=\"twitter:label2\" content=\"Est. reading time\" \/>\n\t<meta name=\"twitter:data2\" content=\"3 minutes\" \/>\n<script type=\"application\/ld+json\" class=\"yoast-schema-graph\">{\"@context\":\"https:\/\/schema.org\",\"@graph\":[{\"@type\":\"Article\",\"@id\":\"https:\/\/foodbankscanada.ca\/fr\/un-bel-effort-dequipe-a-la-journee-demballage-apres-la-cloche\/#article\",\"isPartOf\":{\"@id\":\"https:\/\/foodbankscanada.ca\/fr\/un-bel-effort-dequipe-a-la-journee-demballage-apres-la-cloche\/\"},\"author\":{\"name\":\"Idea Notion\",\"@id\":\"https:\/\/foodbankscanada.ca\/fr\/#\/schema\/person\/c754e6dfe33dc613fc8104ec8e55a198\"},\"headline\":\"Un bel effort d\u2019\u00e9quipe \u00e0 la journ\u00e9e d\u2019emballage Apr\u00e8s la cloche\",\"datePublished\":\"2018-11-23T19:56:00+00:00\",\"dateModified\":\"2022-03-24T18:58:13+00:00\",\"mainEntityOfPage\":{\"@id\":\"https:\/\/foodbankscanada.ca\/fr\/un-bel-effort-dequipe-a-la-journee-demballage-apres-la-cloche\/\"},\"wordCount\":746,\"publisher\":{\"@id\":\"https:\/\/foodbankscanada.ca\/fr\/#organization\"},\"image\":{\"@id\":\"https:\/\/foodbankscanada.ca\/fr\/un-bel-effort-dequipe-a-la-journee-demballage-apres-la-cloche\/#primaryimage\"},\"thumbnailUrl\":\"https:\/\/content.foodbankscanada.ca\/wordpress\/2022\/03\/French-s-Team-Image-01.jpeg\",\"articleSection\":[\"Non classifi\u00e9(e)\"],\"inLanguage\":\"fr-CA\"},{\"@type\":\"WebPage\",\"@id\":\"https:\/\/foodbankscanada.ca\/fr\/un-bel-effort-dequipe-a-la-journee-demballage-apres-la-cloche\/\",\"url\":\"https:\/\/foodbankscanada.ca\/fr\/un-bel-effort-dequipe-a-la-journee-demballage-apres-la-cloche\/\",\"name\":\"Un bel effort d\u2019\u00e9quipe \u00e0 la journ\u00e9e d\u2019emballage Apr\u00e8s la cloche - Banques alimentaires Canada\",\"isPartOf\":{\"@id\":\"https:\/\/foodbankscanada.ca\/fr\/#website\"},\"primaryImageOfPage\":{\"@id\":\"https:\/\/foodbankscanada.ca\/fr\/un-bel-effort-dequipe-a-la-journee-demballage-apres-la-cloche\/#primaryimage\"},\"image\":{\"@id\":\"https:\/\/foodbankscanada.ca\/fr\/un-bel-effort-dequipe-a-la-journee-demballage-apres-la-cloche\/#primaryimage\"},\"thumbnailUrl\":\"https:\/\/content.foodbankscanada.ca\/wordpress\/2022\/03\/French-s-Team-Image-01.jpeg\",\"datePublished\":\"2018-11-23T19:56:00+00:00\",\"dateModified\":\"2022-03-24T18:58:13+00:00\",\"breadcrumb\":{\"@id\":\"https:\/\/foodbankscanada.ca\/fr\/un-bel-effort-dequipe-a-la-journee-demballage-apres-la-cloche\/#breadcrumb\"},\"inLanguage\":\"fr-CA\",\"potentialAction\":[{\"@type\":\"ReadAction\",\"target\":[\"https:\/\/foodbankscanada.ca\/fr\/un-bel-effort-dequipe-a-la-journee-demballage-apres-la-cloche\/\"]}]},{\"@type\":\"ImageObject\",\"inLanguage\":\"fr-CA\",\"@id\":\"https:\/\/foodbankscanada.ca\/fr\/un-bel-effort-dequipe-a-la-journee-demballage-apres-la-cloche\/#primaryimage\",\"url\":\"https:\/\/content.foodbankscanada.ca\/wordpress\/2022\/03\/French-s-Team-Image-01.jpeg\",\"contentUrl\":\"https:\/\/content.foodbankscanada.ca\/wordpress\/2022\/03\/French-s-Team-Image-01.jpeg\",\"width\":938,\"height\":350},{\"@type\":\"BreadcrumbList\",\"@id\":\"https:\/\/foodbankscanada.ca\/fr\/un-bel-effort-dequipe-a-la-journee-demballage-apres-la-cloche\/#breadcrumb\",\"itemListElement\":[{\"@type\":\"ListItem\",\"position\":1,\"name\":\"Accueil\",\"item\":\"https:\/\/foodbankscanada.ca\/fr\/\"},{\"@type\":\"ListItem\",\"position\":2,\"name\":\"Un bel effort d\u2019\u00e9quipe \u00e0 la journ\u00e9e d\u2019emballage Apr\u00e8s la cloche\"}]},{\"@type\":\"WebSite\",\"@id\":\"https:\/\/foodbankscanada.ca\/fr\/#website\",\"url\":\"https:\/\/foodbankscanada.ca\/fr\/\",\"name\":\"Banques alimentaires Canada\",\"description\":\"\",\"publisher\":{\"@id\":\"https:\/\/foodbankscanada.ca\/fr\/#organization\"},\"potentialAction\":[{\"@type\":\"SearchAction\",\"target\":{\"@type\":\"EntryPoint\",\"urlTemplate\":\"https:\/\/foodbankscanada.ca\/fr\/?s={search_term_string}\"},\"query-input\":{\"@type\":\"PropertyValueSpecification\",\"valueRequired\":true,\"valueName\":\"search_term_string\"}}],\"inLanguage\":\"fr-CA\"},{\"@type\":\"Organization\",\"@id\":\"https:\/\/foodbankscanada.ca\/fr\/#organization\",\"name\":\"Food Banks Canada\",\"url\":\"https:\/\/foodbankscanada.ca\/fr\/\",\"logo\":{\"@type\":\"ImageObject\",\"inLanguage\":\"fr-CA\",\"@id\":\"https:\/\/foodbankscanada.ca\/fr\/#\/schema\/logo\/image\/\",\"url\":\"https:\/\/fbcblobstorage.blob.core.windows.net\/wordpress\/2021\/11\/logo.png\",\"contentUrl\":\"https:\/\/fbcblobstorage.blob.core.windows.net\/wordpress\/2021\/11\/logo.png\",\"width\":377,\"height\":89,\"caption\":\"Food Banks Canada\"},\"image\":{\"@id\":\"https:\/\/foodbankscanada.ca\/fr\/#\/schema\/logo\/image\/\"}},{\"@type\":\"Person\",\"@id\":\"https:\/\/foodbankscanada.ca\/fr\/#\/schema\/person\/c754e6dfe33dc613fc8104ec8e55a198\",\"name\":\"Idea Notion\",\"image\":{\"@type\":\"ImageObject\",\"inLanguage\":\"fr-CA\",\"@id\":\"https:\/\/foodbankscanada.ca\/fr\/#\/schema\/person\/image\/\",\"url\":\"https:\/\/secure.gravatar.com\/avatar\/fd29e8ba27e8b1c05ac846a6471d215c1420fe5390381c1b77c3a6bd1b576cba?s=96&d=mm&r=g\",\"contentUrl\":\"https:\/\/secure.gravatar.com\/avatar\/fd29e8ba27e8b1c05ac846a6471d215c1420fe5390381c1b77c3a6bd1b576cba?s=96&d=mm&r=g\",\"caption\":\"Idea Notion\"},\"url\":\"https:\/\/foodbankscanada.ca\/fr\/author\/ideanotion\/\"}]}<\/script>\n<!-- \/ Yoast SEO Premium plugin. -->","yoast_head_json":{"title":"Un bel effort d\u2019\u00e9quipe \u00e0 la journ\u00e9e d\u2019emballage Apr\u00e8s la cloche - Banques alimentaires Canada","robots":{"index":"index","follow":"follow","max-snippet":"max-snippet:-1","max-image-preview":"max-image-preview:large","max-video-preview":"max-video-preview:-1"},"canonical":"https:\/\/foodbankscanada.ca\/fr\/un-bel-effort-dequipe-a-la-journee-demballage-apres-la-cloche\/","og_locale":"fr_CA","og_type":"article","og_title":"Un bel effort d\u2019\u00e9quipe \u00e0 la journ\u00e9e d\u2019emballage Apr\u00e8s la cloche","og_description":"Par Matt&nbsp;Stevenson, chef de produit, French\u2019s Condiments En mai dernier, l\u2019\u00e9quipe de French\u2019s et moi avons particip\u00e9 \u00e0 la journ\u00e9e d\u2019emballage organis\u00e9e par Banques alimentaires Canada dans le cadre du programme Apr\u00e8s la cloche. Cet \u00e9v\u00e9nement r\u00e9unit des \u00e9quipes de b\u00e9n\u00e9voles d\u2019entreprise pour pr\u00e9parer les sacs d\u2019aliments qui seront remis aux enfants souffrant d\u2019ins\u00e9curit\u00e9 alimentaire...","og_url":"https:\/\/foodbankscanada.ca\/fr\/un-bel-effort-dequipe-a-la-journee-demballage-apres-la-cloche\/","og_site_name":"Banques alimentaires Canada","article_published_time":"2018-11-23T19:56:00+00:00","article_modified_time":"2022-03-24T18:58:13+00:00","og_image":[{"width":938,"height":350,"url":"https:\/\/content.foodbankscanada.ca\/wordpress\/2022\/03\/French-s-Team-Image-01.jpeg","type":"image\/jpeg"}],"author":"Idea Notion","twitter_card":"summary_large_image","twitter_misc":{"Written by":"Idea Notion","Est. reading time":"3 minutes"},"schema":{"@context":"https:\/\/schema.org","@graph":[{"@type":"Article","@id":"https:\/\/foodbankscanada.ca\/fr\/un-bel-effort-dequipe-a-la-journee-demballage-apres-la-cloche\/#article","isPartOf":{"@id":"https:\/\/foodbankscanada.ca\/fr\/un-bel-effort-dequipe-a-la-journee-demballage-apres-la-cloche\/"},"author":{"name":"Idea Notion","@id":"https:\/\/foodbankscanada.ca\/fr\/#\/schema\/person\/c754e6dfe33dc613fc8104ec8e55a198"},"headline":"Un bel effort d\u2019\u00e9quipe \u00e0 la journ\u00e9e d\u2019emballage Apr\u00e8s la cloche","datePublished":"2018-11-23T19:56:00+00:00","dateModified":"2022-03-24T18:58:13+00:00","mainEntityOfPage":{"@id":"https:\/\/foodbankscanada.ca\/fr\/un-bel-effort-dequipe-a-la-journee-demballage-apres-la-cloche\/"},"wordCount":746,"publisher":{"@id":"https:\/\/foodbankscanada.ca\/fr\/#organization"},"image":{"@id":"https:\/\/foodbankscanada.ca\/fr\/un-bel-effort-dequipe-a-la-journee-demballage-apres-la-cloche\/#primaryimage"},"thumbnailUrl":"https:\/\/content.foodbankscanada.ca\/wordpress\/2022\/03\/French-s-Team-Image-01.jpeg","articleSection":["Non classifi\u00e9(e)"],"inLanguage":"fr-CA"},{"@type":"WebPage","@id":"https:\/\/foodbankscanada.ca\/fr\/un-bel-effort-dequipe-a-la-journee-demballage-apres-la-cloche\/","url":"https:\/\/foodbankscanada.ca\/fr\/un-bel-effort-dequipe-a-la-journee-demballage-apres-la-cloche\/","name":"Un bel effort d\u2019\u00e9quipe \u00e0 la journ\u00e9e d\u2019emballage Apr\u00e8s la cloche - Banques alimentaires Canada","isPartOf":{"@id":"https:\/\/foodbankscanada.ca\/fr\/#website"},"primaryImageOfPage":{"@id":"https:\/\/foodbankscanada.ca\/fr\/un-bel-effort-dequipe-a-la-journee-demballage-apres-la-cloche\/#primaryimage"},"image":{"@id":"https:\/\/foodbankscanada.ca\/fr\/un-bel-effort-dequipe-a-la-journee-demballage-apres-la-cloche\/#primaryimage"},"thumbnailUrl":"https:\/\/content.foodbankscanada.ca\/wordpress\/2022\/03\/French-s-Team-Image-01.jpeg","datePublished":"2018-11-23T19:56:00+00:00","dateModified":"2022-03-24T18:58:13+00:00","breadcrumb":{"@id":"https:\/\/foodbankscanada.ca\/fr\/un-bel-effort-dequipe-a-la-journee-demballage-apres-la-cloche\/#breadcrumb"},"inLanguage":"fr-CA","potentialAction":[{"@type":"ReadAction","target":["https:\/\/foodbankscanada.ca\/fr\/un-bel-effort-dequipe-a-la-journee-demballage-apres-la-cloche\/"]}]},{"@type":"ImageObject","inLanguage":"fr-CA","@id":"https:\/\/foodbankscanada.ca\/fr\/un-bel-effort-dequipe-a-la-journee-demballage-apres-la-cloche\/#primaryimage","url":"https:\/\/content.foodbankscanada.ca\/wordpress\/2022\/03\/French-s-Team-Image-01.jpeg","contentUrl":"https:\/\/content.foodbankscanada.ca\/wordpress\/2022\/03\/French-s-Team-Image-01.jpeg","width":938,"height":350},{"@type":"BreadcrumbList","@id":"https:\/\/foodbankscanada.ca\/fr\/un-bel-effort-dequipe-a-la-journee-demballage-apres-la-cloche\/#breadcrumb","itemListElement":[{"@type":"ListItem","position":1,"name":"Accueil","item":"https:\/\/foodbankscanada.ca\/fr\/"},{"@type":"ListItem","position":2,"name":"Un bel effort d\u2019\u00e9quipe \u00e0 la journ\u00e9e d\u2019emballage Apr\u00e8s la cloche"}]},{"@type":"WebSite","@id":"https:\/\/foodbankscanada.ca\/fr\/#website","url":"https:\/\/foodbankscanada.ca\/fr\/","name":"Banques alimentaires Canada","description":"","publisher":{"@id":"https:\/\/foodbankscanada.ca\/fr\/#organization"},"potentialAction":[{"@type":"SearchAction","target":{"@type":"EntryPoint","urlTemplate":"https:\/\/foodbankscanada.ca\/fr\/?s={search_term_string}"},"query-input":{"@type":"PropertyValueSpecification","valueRequired":true,"valueName":"search_term_string"}}],"inLanguage":"fr-CA"},{"@type":"Organization","@id":"https:\/\/foodbankscanada.ca\/fr\/#organization","name":"Food Banks Canada","url":"https:\/\/foodbankscanada.ca\/fr\/","logo":{"@type":"ImageObject","inLanguage":"fr-CA","@id":"https:\/\/foodbankscanada.ca\/fr\/#\/schema\/logo\/image\/","url":"https:\/\/fbcblobstorage.blob.core.windows.net\/wordpress\/2021\/11\/logo.png","contentUrl":"https:\/\/fbcblobstorage.blob.core.windows.net\/wordpress\/2021\/11\/logo.png","width":377,"height":89,"caption":"Food Banks Canada"},"image":{"@id":"https:\/\/foodbankscanada.ca\/fr\/#\/schema\/logo\/image\/"}},{"@type":"Person","@id":"https:\/\/foodbankscanada.ca\/fr\/#\/schema\/person\/c754e6dfe33dc613fc8104ec8e55a198","name":"Idea Notion","image":{"@type":"ImageObject","inLanguage":"fr-CA","@id":"https:\/\/foodbankscanada.ca\/fr\/#\/schema\/person\/image\/","url":"https:\/\/secure.gravatar.com\/avatar\/fd29e8ba27e8b1c05ac846a6471d215c1420fe5390381c1b77c3a6bd1b576cba?s=96&d=mm&r=g","contentUrl":"https:\/\/secure.gravatar.com\/avatar\/fd29e8ba27e8b1c05ac846a6471d215c1420fe5390381c1b77c3a6bd1b576cba?s=96&d=mm&r=g","caption":"Idea Notion"},"url":"https:\/\/foodbankscanada.ca\/fr\/author\/ideanotion\/"}]}},"_links":{"self":[{"href":"https:\/\/foodbankscanada.ca\/fr\/wp-json\/wp\/v2\/posts\/10951","targetHints":{"allow":["GET"]}}],"collection":[{"href":"https:\/\/foodbankscanada.ca\/fr\/wp-json\/wp\/v2\/posts"}],"about":[{"href":"https:\/\/foodbankscanada.ca\/fr\/wp-json\/wp\/v2\/types\/post"}],"author":[{"embeddable":true,"href":"https:\/\/foodbankscanada.ca\/fr\/wp-json\/wp\/v2\/users\/2"}],"replies":[{"embeddable":true,"href":"https:\/\/foodbankscanada.ca\/fr\/wp-json\/wp\/v2\/comments?post=10951"}],"version-history":[{"count":1,"href":"https:\/\/foodbankscanada.ca\/fr\/wp-json\/wp\/v2\/posts\/10951\/revisions"}],"predecessor-version":[{"id":10954,"href":"https:\/\/foodbankscanada.ca\/fr\/wp-json\/wp\/v2\/posts\/10951\/revisions\/10954"}],"wp:featuredmedia":[{"embeddable":true,"href":"https:\/\/foodbankscanada.ca\/fr\/wp-json\/wp\/v2\/media\/10952"}],"wp:attachment":[{"href":"https:\/\/foodbankscanada.ca\/fr\/wp-json\/wp\/v2\/media?parent=10951"}],"wp:term":[{"taxonomy":"category","embeddable":true,"href":"https:\/\/foodbankscanada.ca\/fr\/wp-json\/wp\/v2\/categories?post=10951"},{"taxonomy":"post_tag","embeddable":true,"href":"https:\/\/foodbankscanada.ca\/fr\/wp-json\/wp\/v2\/tags?post=10951"}],"curies":[{"name":"wp","href":"https:\/\/api.w.org\/{rel}","templated":true}]}}