{"id":10932,"date":"2018-11-26T14:46:00","date_gmt":"2018-11-26T19:46:00","guid":{"rendered":"https:\/\/prod2020.foodbankscanada.ca\/?p=10932"},"modified":"2022-03-24T14:49:53","modified_gmt":"2022-03-24T18:49:53","slug":"terri-clark-monte-dans-le-train-des-fetes-du-cp","status":"publish","type":"post","link":"https:\/\/foodbankscanada.ca\/fr\/terri-clark-monte-dans-le-train-des-fetes-du-cp\/","title":{"rendered":"Terri Clark monte dans le train des f\u00eates du CP"},"content":{"rendered":"\n<p>Chaque ann\u00e9e, le CP Holiday Train, magnifiquement d\u00e9cor\u00e9 de lumi\u00e8res color\u00e9es, parcourt le Canada et les \u00c9tats-Unis avec joie, espoir &#8211; et musique &#8211; tout en recueillant des dons pour les banques alimentaires dans les communaut\u00e9s le long de son trajet. Cette ann\u00e9e, le Canadien Pacifique (CP) c\u00e9l\u00e8bre la vingti\u00e8me ann\u00e9e de cet \u00e9v\u00e9nement magique, qui fait partie du soutien continu du CP, qui dure toute l\u2019ann\u00e9e, du syst\u00e8me national de partage des aliments de Banques alimentaires Canada.<\/p>\n\n\n\n<p>Pour son voyage en 2018, le train des f\u00eates du CP sera honor\u00e9 par une invit\u00e9e musicale tr\u00e8s sp\u00e9ciale &#8211; la Canadienne Terri Clark. Clark, qui partage maintenant son temps entre Nashville et l&#8217;Ontario, a grandi \u00e0 Medicine Hat, en Alberta. Elle a \u00e9t\u00e9 intronis\u00e9e au Panth\u00e9on de la musique country canadienne en septembre de cette ann\u00e9e.<\/p>\n\n\n\n<p>Bien que ce soit la premi\u00e8re fois que Terri participe au train des f\u00eates du CP au Canada, elle a particip\u00e9 \u00e0 l\u2019itin\u00e9raire am\u00e9ricain l\u2019an dernier, une exp\u00e9rience qu\u2019elle a dite incroyablement positive et joyeuse.<\/p>\n\n\n\n<p>\u00abLe train des f\u00eates du CP vise avant tout \u00e0 donner, pas \u00e0 recevoir. Pour moi, cela illustre l&#8217;esprit d\u00e9mod\u00e9 des vacances que l&#8217;on voit dans les films. C\u2019est ce que les vacances devraient \u00eatre. Et je suis s\u00fbr que \u00e7a dure longtemps apr\u00e8s le d\u00e9part du train. \u00bb<\/p>\n\n\n\n<p>\u00c0 chaque arr\u00eat, le CP accepte les dons d&#8217;aliments sains pour le c\u0153ur et non p\u00e9rissables, tels que la viande et le poisson en conserve, le beurre d&#8217;arachide, les noix, les produits c\u00e9r\u00e9aliers et les fruits et l\u00e9gumes en conserve, notamment les types \u00e0 teneur r\u00e9duite en sodium. (<a href=\"\/find-a-food-bank\" rel=\"noreferrer noopener\" style=\"color:#167ba2\">Renseignez-vous aupr\u00e8s de votre banque alimentaire locale<\/a>&nbsp;avant de sortir pour savoir ce qui se trouve sur la liste des produits les plus recherch\u00e9s!)<\/p>\n\n\n\n<p>Les banques alimentaires partout au Canada aident plus de 850 000 personnes chaque mois, dont plus du tiers sont des enfants et des jeunes. Et bien que des \u00e9v\u00e9nements tels que le train des f\u00eates du CP ne puissent collecter des articles non p\u00e9rissables que pour des raisons de s\u00e9curit\u00e9 alimentaire, plus de 40% des aliments fournis par les banques alimentaires sont frais, congel\u00e9s ou p\u00e9rissables.<\/p>\n\n\n\n<p>C\u2019est une cause qui tient \u00e0 c\u0153ur \u00e0 Terri. Fille d\u2019une m\u00e8re c\u00e9libataire de quatre enfants, elle se souvient d\u2019une p\u00e9riode o\u00f9 elle \u00e9tait jeune et o\u00f9 la famille avait du mal \u00e0 se d\u00e9brouiller avec le salaire de sa m\u00e8re. Terri se dit fi\u00e8re de participer \u00e0 un \u00e9v\u00e9nement qui soutient autant de personnes qui ont juste besoin d&#8217;un peu d&#8217;aide pour se remettre sur pied.<\/p>\n\n\n\n<p>\u00abJ&#8217;ai \u00e9t\u00e9 \u00e9poustoufl\u00e9 par le CP et son travail: faire des dons, rassembler les gens, diffuser la joie des f\u00eates. En tant qu&#8217;interpr\u00e8te, il y a tellement de moments merveilleux. Lorsque vous arrivez, les gens tiennent des pancartes et vous pouvez voir \u00e0 quel point ils sont reconnaissants. De nombreux fans qui vivent dans de petites communaut\u00e9s ne re\u00e7oivent pas de musique live ou qui ne peuvent pas se permettre d\u2019aller \u00e0 un spectacle et d\u2019acheter des billets. Nous apportons de la musique \u00e0 des personnes qui n\u2019appr\u00e9cient g\u00e9n\u00e9ralement pas l\u2019\u00e9couter en direct dans leur cour. &#8220;<\/p>\n\n\n\n<p>Mais le plus sp\u00e9cial de tous, ce sont les enfants.<\/p>\n\n\n\n<p>\u00abLorsque le train arrive, c\u2019est vraiment magique. Quand vous voyez le visage des enfants, cela fait chaud au c\u0153ur. Ils sont tellement excit\u00e9s, on pourrait penser que le p\u00e8re No\u00ebl se tenait devant eux. Et lorsque nous chantons certaines chansons classiques, telles que Run, Run Rudolph, elles chantent en m\u00eame temps. Ils ont raison dans le moment. C\u2019est incroyable de voir. &#8220;<\/p>\n\n\n\n<p>Clark se produira dans le &nbsp;train des f\u00eates du CP qui parcourra le Canada \u00e0 partir du 25 novembre \u00e0 Montr\u00e9al, en Alberta, o\u00f9 elle d\u00e9collera avant de se rendre \u00e0 son spectacle final \u00e0 Port Coquitlam le 18 d\u00e9cembre 2018.<\/p>\n\n\n\n<p>Recherchez l\u2019arr\u00eat <a href=\"http:\/\/www.cpr.ca\/holiday-train\/canada\" target=\"_blank\" rel=\"noreferrer noopener\" style=\"color:#167ba2;\">du train des f\u00eates CP le plus proche de chez vous<\/a>&nbsp;et joignez-vous \u00e0 l\u2019esprit festif de la musique et \u00e0 la joie de donner.<\/p>\n\n\n\n<figure class=\"wp-block-image\"><img decoding=\"async\" src=\"https:\/\/www.foodbankscanada.ca\/getmedia\/136b6df8-dfa5-45ab-a1d7-4b579dfe464b\/HT_2014_Logo.png.aspx?width=150&#038;height=159\" alt=\"\"\/><\/figure>\n","protected":false},"excerpt":{"rendered":"<p>Chaque ann\u00e9e, le CP Holiday Train, magnifiquement d\u00e9cor\u00e9 de lumi\u00e8res color\u00e9es, parcourt le Canada et les \u00c9tats-Unis avec joie, espoir &#8211; et musique &#8211; tout en recueillant des dons pour les banques alimentaires dans les communaut\u00e9s le long de son trajet. Cette ann\u00e9e, le Canadien Pacifique (CP) c\u00e9l\u00e8bre la vingti\u00e8me ann\u00e9e de cet \u00e9v\u00e9nement magique,&#8230;<\/p>\n","protected":false},"author":2,"featured_media":0,"comment_status":"closed","ping_status":"open","sticky":false,"template":"","format":"standard","meta":{"_acf_changed":false,"footnotes":""},"categories":[6],"tags":[],"class_list":["post-10932","post","type-post","status-publish","format-standard","hentry","category-non-classifiee"],"acf":[],"yoast_head":"<!-- This site is optimized with the Yoast SEO Premium plugin v26.9 (Yoast SEO v26.9) - https:\/\/yoast.com\/product\/yoast-seo-premium-wordpress\/ -->\n<title>Terri Clark monte dans le train des f\u00eates du CP - Banques alimentaires Canada<\/title>\n<meta name=\"robots\" content=\"index, follow, max-snippet:-1, max-image-preview:large, max-video-preview:-1\" \/>\n<link rel=\"canonical\" href=\"https:\/\/foodbankscanada.ca\/fr\/terri-clark-monte-dans-le-train-des-fetes-du-cp\/\" \/>\n<meta property=\"og:locale\" content=\"fr_CA\" \/>\n<meta property=\"og:type\" content=\"article\" \/>\n<meta property=\"og:title\" content=\"Terri Clark monte dans le train des f\u00eates du CP\" \/>\n<meta property=\"og:description\" content=\"Chaque ann\u00e9e, le CP Holiday Train, magnifiquement d\u00e9cor\u00e9 de lumi\u00e8res color\u00e9es, parcourt le Canada et les \u00c9tats-Unis avec joie, espoir &#8211; et musique &#8211; tout en recueillant des dons pour les banques alimentaires dans les communaut\u00e9s le long de son trajet. Cette ann\u00e9e, le Canadien Pacifique (CP) c\u00e9l\u00e8bre la vingti\u00e8me ann\u00e9e de cet \u00e9v\u00e9nement magique,...\" \/>\n<meta property=\"og:url\" content=\"https:\/\/foodbankscanada.ca\/fr\/terri-clark-monte-dans-le-train-des-fetes-du-cp\/\" \/>\n<meta property=\"og:site_name\" content=\"Banques alimentaires Canada\" \/>\n<meta property=\"article:published_time\" content=\"2018-11-26T19:46:00+00:00\" \/>\n<meta property=\"article:modified_time\" content=\"2022-03-24T18:49:53+00:00\" \/>\n<meta property=\"og:image\" content=\"https:\/\/www.foodbankscanada.ca\/getmedia\/136b6df8-dfa5-45ab-a1d7-4b579dfe464b\/HT_2014_Logo.png.aspx?width=150&amp;height=159\" \/>\n<meta name=\"author\" content=\"Idea Notion\" \/>\n<meta name=\"twitter:card\" content=\"summary_large_image\" \/>\n<meta name=\"twitter:label1\" content=\"Written by\" \/>\n\t<meta name=\"twitter:data1\" content=\"Idea Notion\" \/>\n\t<meta name=\"twitter:label2\" content=\"Est. reading time\" \/>\n\t<meta name=\"twitter:data2\" content=\"4 minutes\" \/>\n<script type=\"application\/ld+json\" class=\"yoast-schema-graph\">{\"@context\":\"https:\/\/schema.org\",\"@graph\":[{\"@type\":\"Article\",\"@id\":\"https:\/\/foodbankscanada.ca\/fr\/terri-clark-monte-dans-le-train-des-fetes-du-cp\/#article\",\"isPartOf\":{\"@id\":\"https:\/\/foodbankscanada.ca\/fr\/terri-clark-monte-dans-le-train-des-fetes-du-cp\/\"},\"author\":{\"name\":\"Idea Notion\",\"@id\":\"https:\/\/foodbankscanada.ca\/fr\/#\/schema\/person\/c754e6dfe33dc613fc8104ec8e55a198\"},\"headline\":\"Terri Clark monte dans le train des f\u00eates du CP\",\"datePublished\":\"2018-11-26T19:46:00+00:00\",\"dateModified\":\"2022-03-24T18:49:53+00:00\",\"mainEntityOfPage\":{\"@id\":\"https:\/\/foodbankscanada.ca\/fr\/terri-clark-monte-dans-le-train-des-fetes-du-cp\/\"},\"wordCount\":743,\"publisher\":{\"@id\":\"https:\/\/foodbankscanada.ca\/fr\/#organization\"},\"image\":{\"@id\":\"https:\/\/foodbankscanada.ca\/fr\/terri-clark-monte-dans-le-train-des-fetes-du-cp\/#primaryimage\"},\"thumbnailUrl\":\"https:\/\/www.foodbankscanada.ca\/getmedia\/136b6df8-dfa5-45ab-a1d7-4b579dfe464b\/HT_2014_Logo.png.aspx?width=150&amp;height=159\",\"articleSection\":[\"Non classifi\u00e9(e)\"],\"inLanguage\":\"fr-CA\"},{\"@type\":\"WebPage\",\"@id\":\"https:\/\/foodbankscanada.ca\/fr\/terri-clark-monte-dans-le-train-des-fetes-du-cp\/\",\"url\":\"https:\/\/foodbankscanada.ca\/fr\/terri-clark-monte-dans-le-train-des-fetes-du-cp\/\",\"name\":\"Terri Clark monte dans le train des f\u00eates du CP - Banques alimentaires Canada\",\"isPartOf\":{\"@id\":\"https:\/\/foodbankscanada.ca\/fr\/#website\"},\"primaryImageOfPage\":{\"@id\":\"https:\/\/foodbankscanada.ca\/fr\/terri-clark-monte-dans-le-train-des-fetes-du-cp\/#primaryimage\"},\"image\":{\"@id\":\"https:\/\/foodbankscanada.ca\/fr\/terri-clark-monte-dans-le-train-des-fetes-du-cp\/#primaryimage\"},\"thumbnailUrl\":\"https:\/\/www.foodbankscanada.ca\/getmedia\/136b6df8-dfa5-45ab-a1d7-4b579dfe464b\/HT_2014_Logo.png.aspx?width=150&amp;height=159\",\"datePublished\":\"2018-11-26T19:46:00+00:00\",\"dateModified\":\"2022-03-24T18:49:53+00:00\",\"breadcrumb\":{\"@id\":\"https:\/\/foodbankscanada.ca\/fr\/terri-clark-monte-dans-le-train-des-fetes-du-cp\/#breadcrumb\"},\"inLanguage\":\"fr-CA\",\"potentialAction\":[{\"@type\":\"ReadAction\",\"target\":[\"https:\/\/foodbankscanada.ca\/fr\/terri-clark-monte-dans-le-train-des-fetes-du-cp\/\"]}]},{\"@type\":\"ImageObject\",\"inLanguage\":\"fr-CA\",\"@id\":\"https:\/\/foodbankscanada.ca\/fr\/terri-clark-monte-dans-le-train-des-fetes-du-cp\/#primaryimage\",\"url\":\"https:\/\/www.foodbankscanada.ca\/getmedia\/136b6df8-dfa5-45ab-a1d7-4b579dfe464b\/HT_2014_Logo.png.aspx?width=150&amp;height=159\",\"contentUrl\":\"https:\/\/www.foodbankscanada.ca\/getmedia\/136b6df8-dfa5-45ab-a1d7-4b579dfe464b\/HT_2014_Logo.png.aspx?width=150&amp;height=159\"},{\"@type\":\"BreadcrumbList\",\"@id\":\"https:\/\/foodbankscanada.ca\/fr\/terri-clark-monte-dans-le-train-des-fetes-du-cp\/#breadcrumb\",\"itemListElement\":[{\"@type\":\"ListItem\",\"position\":1,\"name\":\"Accueil\",\"item\":\"https:\/\/foodbankscanada.ca\/fr\/\"},{\"@type\":\"ListItem\",\"position\":2,\"name\":\"Terri Clark monte dans le train des f\u00eates du CP\"}]},{\"@type\":\"WebSite\",\"@id\":\"https:\/\/foodbankscanada.ca\/fr\/#website\",\"url\":\"https:\/\/foodbankscanada.ca\/fr\/\",\"name\":\"Banques alimentaires Canada\",\"description\":\"\",\"publisher\":{\"@id\":\"https:\/\/foodbankscanada.ca\/fr\/#organization\"},\"potentialAction\":[{\"@type\":\"SearchAction\",\"target\":{\"@type\":\"EntryPoint\",\"urlTemplate\":\"https:\/\/foodbankscanada.ca\/fr\/?s={search_term_string}\"},\"query-input\":{\"@type\":\"PropertyValueSpecification\",\"valueRequired\":true,\"valueName\":\"search_term_string\"}}],\"inLanguage\":\"fr-CA\"},{\"@type\":\"Organization\",\"@id\":\"https:\/\/foodbankscanada.ca\/fr\/#organization\",\"name\":\"Food Banks Canada\",\"url\":\"https:\/\/foodbankscanada.ca\/fr\/\",\"logo\":{\"@type\":\"ImageObject\",\"inLanguage\":\"fr-CA\",\"@id\":\"https:\/\/foodbankscanada.ca\/fr\/#\/schema\/logo\/image\/\",\"url\":\"https:\/\/fbcblobstorage.blob.core.windows.net\/wordpress\/2021\/11\/logo.png\",\"contentUrl\":\"https:\/\/fbcblobstorage.blob.core.windows.net\/wordpress\/2021\/11\/logo.png\",\"width\":377,\"height\":89,\"caption\":\"Food Banks Canada\"},\"image\":{\"@id\":\"https:\/\/foodbankscanada.ca\/fr\/#\/schema\/logo\/image\/\"}},{\"@type\":\"Person\",\"@id\":\"https:\/\/foodbankscanada.ca\/fr\/#\/schema\/person\/c754e6dfe33dc613fc8104ec8e55a198\",\"name\":\"Idea Notion\",\"image\":{\"@type\":\"ImageObject\",\"inLanguage\":\"fr-CA\",\"@id\":\"https:\/\/foodbankscanada.ca\/fr\/#\/schema\/person\/image\/\",\"url\":\"https:\/\/secure.gravatar.com\/avatar\/fd29e8ba27e8b1c05ac846a6471d215c1420fe5390381c1b77c3a6bd1b576cba?s=96&d=mm&r=g\",\"contentUrl\":\"https:\/\/secure.gravatar.com\/avatar\/fd29e8ba27e8b1c05ac846a6471d215c1420fe5390381c1b77c3a6bd1b576cba?s=96&d=mm&r=g\",\"caption\":\"Idea Notion\"},\"url\":\"https:\/\/foodbankscanada.ca\/fr\/author\/ideanotion\/\"}]}<\/script>\n<!-- \/ Yoast SEO Premium plugin. -->","yoast_head_json":{"title":"Terri Clark monte dans le train des f\u00eates du CP - Banques alimentaires Canada","robots":{"index":"index","follow":"follow","max-snippet":"max-snippet:-1","max-image-preview":"max-image-preview:large","max-video-preview":"max-video-preview:-1"},"canonical":"https:\/\/foodbankscanada.ca\/fr\/terri-clark-monte-dans-le-train-des-fetes-du-cp\/","og_locale":"fr_CA","og_type":"article","og_title":"Terri Clark monte dans le train des f\u00eates du CP","og_description":"Chaque ann\u00e9e, le CP Holiday Train, magnifiquement d\u00e9cor\u00e9 de lumi\u00e8res color\u00e9es, parcourt le Canada et les \u00c9tats-Unis avec joie, espoir &#8211; et musique &#8211; tout en recueillant des dons pour les banques alimentaires dans les communaut\u00e9s le long de son trajet. Cette ann\u00e9e, le Canadien Pacifique (CP) c\u00e9l\u00e8bre la vingti\u00e8me ann\u00e9e de cet \u00e9v\u00e9nement magique,...","og_url":"https:\/\/foodbankscanada.ca\/fr\/terri-clark-monte-dans-le-train-des-fetes-du-cp\/","og_site_name":"Banques alimentaires Canada","article_published_time":"2018-11-26T19:46:00+00:00","article_modified_time":"2022-03-24T18:49:53+00:00","og_image":[{"url":"https:\/\/www.foodbankscanada.ca\/getmedia\/136b6df8-dfa5-45ab-a1d7-4b579dfe464b\/HT_2014_Logo.png.aspx?width=150&amp;height=159","type":"","width":"","height":""}],"author":"Idea Notion","twitter_card":"summary_large_image","twitter_misc":{"Written by":"Idea Notion","Est. reading time":"4 minutes"},"schema":{"@context":"https:\/\/schema.org","@graph":[{"@type":"Article","@id":"https:\/\/foodbankscanada.ca\/fr\/terri-clark-monte-dans-le-train-des-fetes-du-cp\/#article","isPartOf":{"@id":"https:\/\/foodbankscanada.ca\/fr\/terri-clark-monte-dans-le-train-des-fetes-du-cp\/"},"author":{"name":"Idea Notion","@id":"https:\/\/foodbankscanada.ca\/fr\/#\/schema\/person\/c754e6dfe33dc613fc8104ec8e55a198"},"headline":"Terri Clark monte dans le train des f\u00eates du CP","datePublished":"2018-11-26T19:46:00+00:00","dateModified":"2022-03-24T18:49:53+00:00","mainEntityOfPage":{"@id":"https:\/\/foodbankscanada.ca\/fr\/terri-clark-monte-dans-le-train-des-fetes-du-cp\/"},"wordCount":743,"publisher":{"@id":"https:\/\/foodbankscanada.ca\/fr\/#organization"},"image":{"@id":"https:\/\/foodbankscanada.ca\/fr\/terri-clark-monte-dans-le-train-des-fetes-du-cp\/#primaryimage"},"thumbnailUrl":"https:\/\/www.foodbankscanada.ca\/getmedia\/136b6df8-dfa5-45ab-a1d7-4b579dfe464b\/HT_2014_Logo.png.aspx?width=150&amp;height=159","articleSection":["Non classifi\u00e9(e)"],"inLanguage":"fr-CA"},{"@type":"WebPage","@id":"https:\/\/foodbankscanada.ca\/fr\/terri-clark-monte-dans-le-train-des-fetes-du-cp\/","url":"https:\/\/foodbankscanada.ca\/fr\/terri-clark-monte-dans-le-train-des-fetes-du-cp\/","name":"Terri Clark monte dans le train des f\u00eates du CP - Banques alimentaires Canada","isPartOf":{"@id":"https:\/\/foodbankscanada.ca\/fr\/#website"},"primaryImageOfPage":{"@id":"https:\/\/foodbankscanada.ca\/fr\/terri-clark-monte-dans-le-train-des-fetes-du-cp\/#primaryimage"},"image":{"@id":"https:\/\/foodbankscanada.ca\/fr\/terri-clark-monte-dans-le-train-des-fetes-du-cp\/#primaryimage"},"thumbnailUrl":"https:\/\/www.foodbankscanada.ca\/getmedia\/136b6df8-dfa5-45ab-a1d7-4b579dfe464b\/HT_2014_Logo.png.aspx?width=150&amp;height=159","datePublished":"2018-11-26T19:46:00+00:00","dateModified":"2022-03-24T18:49:53+00:00","breadcrumb":{"@id":"https:\/\/foodbankscanada.ca\/fr\/terri-clark-monte-dans-le-train-des-fetes-du-cp\/#breadcrumb"},"inLanguage":"fr-CA","potentialAction":[{"@type":"ReadAction","target":["https:\/\/foodbankscanada.ca\/fr\/terri-clark-monte-dans-le-train-des-fetes-du-cp\/"]}]},{"@type":"ImageObject","inLanguage":"fr-CA","@id":"https:\/\/foodbankscanada.ca\/fr\/terri-clark-monte-dans-le-train-des-fetes-du-cp\/#primaryimage","url":"https:\/\/www.foodbankscanada.ca\/getmedia\/136b6df8-dfa5-45ab-a1d7-4b579dfe464b\/HT_2014_Logo.png.aspx?width=150&amp;height=159","contentUrl":"https:\/\/www.foodbankscanada.ca\/getmedia\/136b6df8-dfa5-45ab-a1d7-4b579dfe464b\/HT_2014_Logo.png.aspx?width=150&amp;height=159"},{"@type":"BreadcrumbList","@id":"https:\/\/foodbankscanada.ca\/fr\/terri-clark-monte-dans-le-train-des-fetes-du-cp\/#breadcrumb","itemListElement":[{"@type":"ListItem","position":1,"name":"Accueil","item":"https:\/\/foodbankscanada.ca\/fr\/"},{"@type":"ListItem","position":2,"name":"Terri Clark monte dans le train des f\u00eates du CP"}]},{"@type":"WebSite","@id":"https:\/\/foodbankscanada.ca\/fr\/#website","url":"https:\/\/foodbankscanada.ca\/fr\/","name":"Banques alimentaires Canada","description":"","publisher":{"@id":"https:\/\/foodbankscanada.ca\/fr\/#organization"},"potentialAction":[{"@type":"SearchAction","target":{"@type":"EntryPoint","urlTemplate":"https:\/\/foodbankscanada.ca\/fr\/?s={search_term_string}"},"query-input":{"@type":"PropertyValueSpecification","valueRequired":true,"valueName":"search_term_string"}}],"inLanguage":"fr-CA"},{"@type":"Organization","@id":"https:\/\/foodbankscanada.ca\/fr\/#organization","name":"Food Banks Canada","url":"https:\/\/foodbankscanada.ca\/fr\/","logo":{"@type":"ImageObject","inLanguage":"fr-CA","@id":"https:\/\/foodbankscanada.ca\/fr\/#\/schema\/logo\/image\/","url":"https:\/\/fbcblobstorage.blob.core.windows.net\/wordpress\/2021\/11\/logo.png","contentUrl":"https:\/\/fbcblobstorage.blob.core.windows.net\/wordpress\/2021\/11\/logo.png","width":377,"height":89,"caption":"Food Banks Canada"},"image":{"@id":"https:\/\/foodbankscanada.ca\/fr\/#\/schema\/logo\/image\/"}},{"@type":"Person","@id":"https:\/\/foodbankscanada.ca\/fr\/#\/schema\/person\/c754e6dfe33dc613fc8104ec8e55a198","name":"Idea Notion","image":{"@type":"ImageObject","inLanguage":"fr-CA","@id":"https:\/\/foodbankscanada.ca\/fr\/#\/schema\/person\/image\/","url":"https:\/\/secure.gravatar.com\/avatar\/fd29e8ba27e8b1c05ac846a6471d215c1420fe5390381c1b77c3a6bd1b576cba?s=96&d=mm&r=g","contentUrl":"https:\/\/secure.gravatar.com\/avatar\/fd29e8ba27e8b1c05ac846a6471d215c1420fe5390381c1b77c3a6bd1b576cba?s=96&d=mm&r=g","caption":"Idea Notion"},"url":"https:\/\/foodbankscanada.ca\/fr\/author\/ideanotion\/"}]}},"_links":{"self":[{"href":"https:\/\/foodbankscanada.ca\/fr\/wp-json\/wp\/v2\/posts\/10932","targetHints":{"allow":["GET"]}}],"collection":[{"href":"https:\/\/foodbankscanada.ca\/fr\/wp-json\/wp\/v2\/posts"}],"about":[{"href":"https:\/\/foodbankscanada.ca\/fr\/wp-json\/wp\/v2\/types\/post"}],"author":[{"embeddable":true,"href":"https:\/\/foodbankscanada.ca\/fr\/wp-json\/wp\/v2\/users\/2"}],"replies":[{"embeddable":true,"href":"https:\/\/foodbankscanada.ca\/fr\/wp-json\/wp\/v2\/comments?post=10932"}],"version-history":[{"count":3,"href":"https:\/\/foodbankscanada.ca\/fr\/wp-json\/wp\/v2\/posts\/10932\/revisions"}],"predecessor-version":[{"id":10938,"href":"https:\/\/foodbankscanada.ca\/fr\/wp-json\/wp\/v2\/posts\/10932\/revisions\/10938"}],"wp:attachment":[{"href":"https:\/\/foodbankscanada.ca\/fr\/wp-json\/wp\/v2\/media?parent=10932"}],"wp:term":[{"taxonomy":"category","embeddable":true,"href":"https:\/\/foodbankscanada.ca\/fr\/wp-json\/wp\/v2\/categories?post=10932"},{"taxonomy":"post_tag","embeddable":true,"href":"https:\/\/foodbankscanada.ca\/fr\/wp-json\/wp\/v2\/tags?post=10932"}],"curies":[{"name":"wp","href":"https:\/\/api.w.org\/{rel}","templated":true}]}}